{"id":2827,"date":"2024-04-07T14:35:34","date_gmt":"2024-04-07T17:35:34","guid":{"rendered":"https:\/\/enlamira.info\/?p=2827"},"modified":"2024-04-07T14:49:37","modified_gmt":"2024-04-07T17:49:37","slug":"el-ministro-del-interior-le-respondio-a-alberto-fernandez-no-es-ejemplo-de-gobernante","status":"publish","type":"post","link":"https:\/\/enlamira.info\/index.php\/2024\/04\/07\/el-ministro-del-interior-le-respondio-a-alberto-fernandez-no-es-ejemplo-de-gobernante\/","title":{"rendered":"El ministro del Interior le respondi\u00f3 a Alberto Fern\u00e1ndez: \u201cNo es ejemplo de gobernante\u201d"},"content":{"rendered":"\n<p>Guillermo Francos cruz\u00f3 al expresidente por sus cr\u00edticas contra la gesti\u00f3n de gobierno de Javier Milei.<\/p>\n\n\n\n<p>El ministro del Interior, Guillermo Francos, no tard\u00f3 en responder a las cr\u00edticas del expresidente Alberto Fern\u00e1ndez hacia la gesti\u00f3n de\u00a0Javier Milei. Francos manifest\u00f3 que\u00a0Fern\u00e1ndez\u00a0\u201ces libre de opinar lo que le parezca, pero claramente\u00a0\u00e9l no ha sido un ejemplo de gobernante en ning\u00fan aspecto\u201d.<\/p>\n\n\n\n<p>\u201cNo quiero meterme a analizar una gesti\u00f3n que los argentinos cuestionaron tan duramente. Se vio en el resultado de las elecciones. Me parece que uno tiene que guardar su lugar\u201d expres\u00f3 el funcionario sobre las cr\u00edticas de Alberto Fern\u00e1ndez y agreg\u00f3 que\u00a0\u201ccuando un presidente se va tan mal,\u00a0que opine suena rid\u00edculo\u201d.<\/p>\n\n\n\n<p>Este cruce del ministro surge a partir de una publicaci\u00f3n del expresidente en X (ex Twitter) en la que\u00a0se burl\u00f3\u00a0de Javier Milei por estar\u00a0\u201cdisfrazado de militar junto a una autoridad del ej\u00e9rcito de\u00a0Estados Unidos\u201d\u00a0durante la visita de Laura Richardson, comandante del Comando Sur de los EEUU. En el mismo tuit Fern\u00e1ndez expres\u00f3 que\u00a0\u201csu servilismo es humillante. Creo que nadie le pidi\u00f3 tanto. Ni las autoridades de los Estados Unidos\u201d refiri\u00e9ndose al presidente Milei.<\/p>\n\n\n\n<p>Al respecto de esta publicaci\u00f3n, Francos se expres\u00f3 indignado por la ridiculizaci\u00f3n hacia el l\u00edder de La Libertad Avanza diciendo que\u00a0\u201ccalificar de esa manera al Presidente me pareci\u00f3 realmente desagradable\u201d.<\/p>\n","protected":false},"excerpt":{"rendered":"<p>Guillermo Francos cruz\u00f3 al expresidente por sus cr\u00edticas contra la gesti\u00f3n de gobierno de Javier Milei. El ministro del Interior, Guillermo Francos, no tard\u00f3 en responder a las cr\u00edticas del expresidente Alberto Fern\u00e1ndez hacia la gesti\u00f3n de\u00a0Javier Milei. Francos manifest\u00f3 que\u00a0Fern\u00e1ndez\u00a0\u201ces libre de opinar lo que le parezca, pero claramente\u00a0\u00e9l no ha sido un ejemplo [&hellip;]<\/p>\n","protected":false},"author":2,"featured_media":2830,"comment_status":"open","ping_status":"open","sticky":false,"template":"","format":"standard","meta":{"footnotes":""},"categories":[20],"tags":[],"_links":{"self":[{"href":"https:\/\/enlamira.info\/index.php\/wp-json\/wp\/v2\/posts\/2827"}],"collection":[{"href":"https:\/\/enlamira.info\/index.php\/wp-json\/wp\/v2\/posts"}],"about":[{"href":"https:\/\/enlamira.info\/index.php\/wp-json\/wp\/v2\/types\/post"}],"author":[{"embeddable":true,"href":"https:\/\/enlamira.info\/index.php\/wp-json\/wp\/v2\/users\/2"}],"replies":[{"embeddable":true,"href":"https:\/\/enlamira.info\/index.php\/wp-json\/wp\/v2\/comments?post=2827"}],"version-history":[{"count":2,"href":"https:\/\/enlamira.info\/index.php\/wp-json\/wp\/v2\/posts\/2827\/revisions"}],"predecessor-version":[{"id":2831,"href":"https:\/\/enlamira.info\/index.php\/wp-json\/wp\/v2\/posts\/2827\/revisions\/2831"}],"wp:featuredmedia":[{"embeddable":true,"href":"https:\/\/enlamira.info\/index.php\/wp-json\/wp\/v2\/media\/2830"}],"wp:attachment":[{"href":"https:\/\/enlamira.info\/index.php\/wp-json\/wp\/v2\/media?parent=2827"}],"wp:term":[{"taxonomy":"category","embeddable":true,"href":"https:\/\/enlamira.info\/index.php\/wp-json\/wp\/v2\/categories?post=2827"},{"taxonomy":"post_tag","embeddable":true,"href":"https:\/\/enlamira.info\/index.php\/wp-json\/wp\/v2\/tags?post=2827"}],"curies":[{"name":"wp","href":"https:\/\/api.w.org\/{rel}","templated":true}]}}