{"id":2799,"date":"2024-04-07T14:26:06","date_gmt":"2024-04-07T17:26:06","guid":{"rendered":"https:\/\/enlamira.info\/?p=2799"},"modified":"2024-04-07T14:57:31","modified_gmt":"2024-04-07T17:57:31","slug":"preocupacion-en-boca-por-la-salida-de-cristian-medina-ante-newells","status":"publish","type":"post","link":"https:\/\/enlamira.info\/index.php\/2024\/04\/07\/preocupacion-en-boca-por-la-salida-de-cristian-medina-ante-newells\/","title":{"rendered":"Preocupaci\u00f3n en Boca por la salida de Cristian Medina ante Newell\u2019s"},"content":{"rendered":"\n<p>El propio t\u00e9cnico Diego Mart\u00ednez maldijo al aire en el momento de la molestia.<\/p>\n\n\n\n<p>Boca\u00a0se trae un\u00a0triunfazo de Rosario ante Newell\u2019s,\u00a0pero tambi\u00e9n la\u00a0preocupaci\u00f3n\u00a0por el estado de uno de sus mejores jugadores:\u00a0Cristian Medina.<\/p>\n\n\n\n<p>El autor del primer gol\u00a0<em>Xeneize<\/em>\u00a0sinti\u00f3 un dolor en su rodilla derecha\u00a0sobre el final del partido en el Coloso. Medina debi\u00f3 dejar la cancha y fue reemplazado por Frank Fabra.<\/p>\n\n\n\n<figure class=\"wp-block-embed is-type-rich is-provider-twitter wp-block-embed-twitter\"><div class=\"wp-block-embed__wrapper\">\n<blockquote class=\"twitter-tweet\" data-width=\"550\" data-dnt=\"true\"><p lang=\"es\" dir=\"ltr\">SE PRENDEN LAS ALARMAS EN BOCA \ud83d\udea8 Cristian Medina fue a marcar, sinti\u00f3 un dolor en una de sus rodillas y se retir\u00f3 del campo de juego<a href=\"https:\/\/twitter.com\/hashtag\/LPFxTNTSports?src=hash&amp;ref_src=twsrc%5Etfw\">#LPFxTNTSports<\/a> <a href=\"https:\/\/t.co\/tjQej9OFKC\">pic.twitter.com\/tjQej9OFKC<\/a><\/p>&mdash; TNT Sports Argentina (@TNTSportsAR) <a href=\"https:\/\/twitter.com\/TNTSportsAR\/status\/1776727470592426256?ref_src=twsrc%5Etfw\">April 6, 2024<\/a><\/blockquote><script async src=\"https:\/\/platform.twitter.com\/widgets.js\" charset=\"utf-8\"><\/script>\n<\/div><\/figure>\n\n\n\n<p>El propio t\u00e9cnico Diego Mart\u00ednez insult\u00f3 al aire por la molestia del volante en un\u00a0momento clave del torneo.\u00a0Boca se meti\u00f3 entre los cuatro mejores clasificados de su grupo de cara a los playoffs.<\/p>\n\n\n\n<p>El buen augurio dentro del mal momento es que Medina sali\u00f3 del campo de juego por sus propios medios. Restar\u00e1 conocer el parte m\u00e9dico oficial del club en las pr\u00f3ximas horas con el regreso del plantel a Buenos Aires.<\/p>\n\n\n\n<h3 class=\"wp-block-heading\">\u00bfQu\u00e9 le queda a Boca?<\/h3>\n\n\n\n<p>El club de La Ribera cerrar\u00e1 la Zona B de la Copa de la Liga recibiendo a Godoy Cruz en la Bombonera. Deber\u00e1 aprovechar que&nbsp;<em>el Tomba<\/em>&nbsp;llega al pr\u00f3ximo domingo ya clasificado a los cuartos de final.<\/p>\n","protected":false},"excerpt":{"rendered":"<p>El propio t\u00e9cnico Diego Mart\u00ednez maldijo al aire en el momento de la molestia. Boca\u00a0se trae un\u00a0triunfazo de Rosario ante Newell\u2019s,\u00a0pero tambi\u00e9n la\u00a0preocupaci\u00f3n\u00a0por el estado de uno de sus mejores jugadores:\u00a0Cristian Medina. El autor del primer gol\u00a0Xeneize\u00a0sinti\u00f3 un dolor en su rodilla derecha\u00a0sobre el final del partido en el Coloso. Medina debi\u00f3 dejar la cancha [&hellip;]<\/p>\n","protected":false},"author":2,"featured_media":2801,"comment_status":"open","ping_status":"open","sticky":false,"template":"","format":"standard","meta":{"footnotes":""},"categories":[14],"tags":[],"_links":{"self":[{"href":"https:\/\/enlamira.info\/index.php\/wp-json\/wp\/v2\/posts\/2799"}],"collection":[{"href":"https:\/\/enlamira.info\/index.php\/wp-json\/wp\/v2\/posts"}],"about":[{"href":"https:\/\/enlamira.info\/index.php\/wp-json\/wp\/v2\/types\/post"}],"author":[{"embeddable":true,"href":"https:\/\/enlamira.info\/index.php\/wp-json\/wp\/v2\/users\/2"}],"replies":[{"embeddable":true,"href":"https:\/\/enlamira.info\/index.php\/wp-json\/wp\/v2\/comments?post=2799"}],"version-history":[{"count":2,"href":"https:\/\/enlamira.info\/index.php\/wp-json\/wp\/v2\/posts\/2799\/revisions"}],"predecessor-version":[{"id":2802,"href":"https:\/\/enlamira.info\/index.php\/wp-json\/wp\/v2\/posts\/2799\/revisions\/2802"}],"wp:featuredmedia":[{"embeddable":true,"href":"https:\/\/enlamira.info\/index.php\/wp-json\/wp\/v2\/media\/2801"}],"wp:attachment":[{"href":"https:\/\/enlamira.info\/index.php\/wp-json\/wp\/v2\/media?parent=2799"}],"wp:term":[{"taxonomy":"category","embeddable":true,"href":"https:\/\/enlamira.info\/index.php\/wp-json\/wp\/v2\/categories?post=2799"},{"taxonomy":"post_tag","embeddable":true,"href":"https:\/\/enlamira.info\/index.php\/wp-json\/wp\/v2\/tags?post=2799"}],"curies":[{"name":"wp","href":"https:\/\/api.w.org\/{rel}","templated":true}]}}