{"id":2776,"date":"2024-04-06T14:54:41","date_gmt":"2024-04-06T17:54:41","guid":{"rendered":"https:\/\/enlamira.info\/?p=2776"},"modified":"2024-04-06T15:00:42","modified_gmt":"2024-04-06T18:00:42","slug":"milei-recibio-el-avion-hercules-c-130-que-dono-estados-unidos-a-la-fuerza-aerea-argentina","status":"publish","type":"post","link":"https:\/\/enlamira.info\/index.php\/2024\/04\/06\/milei-recibio-el-avion-hercules-c-130-que-dono-estados-unidos-a-la-fuerza-aerea-argentina\/","title":{"rendered":"Milei recibi\u00f3 el avi\u00f3n H\u00e9rcules C-130 que don\u00f3 Estados Unidos a la Fuerza A\u00e9rea Argentina"},"content":{"rendered":"\n<p>El Presidente particip\u00f3 de un acto junto a la jefa del Comando Sur, Laura Richardson, y reafirm\u00f3 su alineamiento con el pa\u00eds norteamericano.<\/p>\n\n\n\n<p>El presidente\u00a0Javier Milei\u00a0regres\u00f3 esta madrugada de su encuentro en\u00a0Ushuaia\u00a0con la jefa del Comando Sur de los Estados Unidos, Laura Richardson, y asisti\u00f3 este viernes a la\u00a0entrega de un H\u00e9rcules C-130H a la Fuerza A\u00e9rea por parte de los EE.UU.<\/p>\n\n\n\n<p>Su presencia en la base militar de Aeroparque fue otro gesto hacia la administraci\u00f3n de Joe Biden tras la reuni\u00f3n en Ushuaia. En esta ocasi\u00f3n, el mandatario se traslad\u00f3 a Tierra del Fuego con una amplia comitiva, incluidos el jefe de Gabinete, Nicol\u00e1s Posse, el ministro de Defensa, Luis Petri, el ministro del Interior, Guillermo Francos, y el jefe del Estado Mayor Conjunto, Xavier Isaac.<\/p>\n\n\n\n<p>\u201cDefinir una alianza estrat\u00e9gica es un elemento central de una pol\u00edtica exterior inteligente, pero esas alianzas estrat\u00e9gicas no pueden estar simplemente basada en intereses econ\u00f3micos\u201d, explic\u00f3 Milei en referencia a su alineamiento con las pol\u00edticas de Estados Unidos.<\/p>\n\n\n\n<p>Y a\u00f1adi\u00f3: \u201cTiene que estar ancladas en una\u00a0visi\u00f3n com\u00fan del mundo donde las naciones puedan defender su soberan\u00eda\u00a0y no deban someterse a los arbitrios que atentan sobre los valores de occidente\u201d.<\/p>\n\n\n\n<p>Las se\u00f1ales de cercan\u00eda continuar\u00e1n durante esta semana. La ministra de Seguridad, Patricia Bullrich, emprender\u00e1 este s\u00e1bado un viaje a los Estados Unidos para encontrarse con sus pares de Seguridad y con funcionarios del FBI y fuerzas policiales.<\/p>\n\n\n\n<p>La aeronave que se transfiri\u00f3 este viernes est\u00e1 valuada en aproximadamente 30 millones de d\u00f3lares y es parte de una donaci\u00f3n de asistencia de seguridad financiada por Estados Unidos. Considerado uno de los aviones m\u00e1s exitosos en la historia de la aviaci\u00f3n, el H\u00e9rcules ha operado durante casi 70 a\u00f1os en todos los continentes, realizando una amplia gama de misiones especiales y de transporte a\u00e9reo.<\/p>\n\n\n\n<p>Seg\u00fan las\u00a0autoridades de EE.UU., los fondos de defensa para la cooperaci\u00f3n en materia de seguridad con Argentina superan los 625 millones de d\u00f3lares este a\u00f1o fiscal, centr\u00e1ndose en \u00e1reas clave de inter\u00e9s mutuo como el desarrollo profesional y de capacidades, la ciberdefensa y la preparaci\u00f3n para desastres.<\/p>\n","protected":false},"excerpt":{"rendered":"<p>El Presidente particip\u00f3 de un acto junto a la jefa del Comando Sur, Laura Richardson, y reafirm\u00f3 su alineamiento con el pa\u00eds norteamericano. El presidente\u00a0Javier Milei\u00a0regres\u00f3 esta madrugada de su encuentro en\u00a0Ushuaia\u00a0con la jefa del Comando Sur de los Estados Unidos, Laura Richardson, y asisti\u00f3 este viernes a la\u00a0entrega de un H\u00e9rcules C-130H a la [&hellip;]<\/p>\n","protected":false},"author":2,"featured_media":2778,"comment_status":"open","ping_status":"open","sticky":false,"template":"","format":"standard","meta":{"footnotes":""},"categories":[20],"tags":[],"_links":{"self":[{"href":"https:\/\/enlamira.info\/index.php\/wp-json\/wp\/v2\/posts\/2776"}],"collection":[{"href":"https:\/\/enlamira.info\/index.php\/wp-json\/wp\/v2\/posts"}],"about":[{"href":"https:\/\/enlamira.info\/index.php\/wp-json\/wp\/v2\/types\/post"}],"author":[{"embeddable":true,"href":"https:\/\/enlamira.info\/index.php\/wp-json\/wp\/v2\/users\/2"}],"replies":[{"embeddable":true,"href":"https:\/\/enlamira.info\/index.php\/wp-json\/wp\/v2\/comments?post=2776"}],"version-history":[{"count":1,"href":"https:\/\/enlamira.info\/index.php\/wp-json\/wp\/v2\/posts\/2776\/revisions"}],"predecessor-version":[{"id":2777,"href":"https:\/\/enlamira.info\/index.php\/wp-json\/wp\/v2\/posts\/2776\/revisions\/2777"}],"wp:featuredmedia":[{"embeddable":true,"href":"https:\/\/enlamira.info\/index.php\/wp-json\/wp\/v2\/media\/2778"}],"wp:attachment":[{"href":"https:\/\/enlamira.info\/index.php\/wp-json\/wp\/v2\/media?parent=2776"}],"wp:term":[{"taxonomy":"category","embeddable":true,"href":"https:\/\/enlamira.info\/index.php\/wp-json\/wp\/v2\/categories?post=2776"},{"taxonomy":"post_tag","embeddable":true,"href":"https:\/\/enlamira.info\/index.php\/wp-json\/wp\/v2\/tags?post=2776"}],"curies":[{"name":"wp","href":"https:\/\/api.w.org\/{rel}","templated":true}]}}