{"id":2773,"date":"2024-04-06T14:53:02","date_gmt":"2024-04-06T17:53:02","guid":{"rendered":"https:\/\/enlamira.info\/?p=2773"},"modified":"2024-04-06T15:02:55","modified_gmt":"2024-04-06T18:02:55","slug":"antes-de-presentarla-en-diputados-el-gobierno-enviara-un-borrador-de-la-ley-bases-a-cada-bloque","status":"publish","type":"post","link":"https:\/\/enlamira.info\/index.php\/2024\/04\/06\/antes-de-presentarla-en-diputados-el-gobierno-enviara-un-borrador-de-la-ley-bases-a-cada-bloque\/","title":{"rendered":"Antes de presentarla en Diputados, el Gobierno enviar\u00e1 un borrador de la Ley Bases a cada bloque"},"content":{"rendered":"\n<p>El texto ser\u00e1 entregado tanto a los gobernadores como a los jefes de los distintos espacios en la C\u00e1mara baja e incluir\u00e1 una propuesta sobre el impuesto a las Ganancias, principal eje de conflicto.<\/p>\n\n\n\n<p>El Gobierno de\u00a0Javier\u00a0Milei\u00a0mandar\u00e1 al Congreso la Ley Bases y el paquete fiscal. Sin embargo, para evitar dilatar a\u00fan m\u00e1s la aprobaci\u00f3n, antes de presentarla en la C\u00e1mara de Diputados le har\u00e1 llegar un borrador tanto a los mandatarios provinciales como a los jefes de los bloques legislativos.<\/p>\n\n\n\n<p>De acuerdo con lo que anticiparon distintas fuentes del espacio libertario, en los primeros d\u00edas de la semana que viene las autoridades nacionales har\u00e1n circular el texto tentativo con las modificaciones que se fueron acordando durante las sucesivas reuniones con los referentes de la oposici\u00f3n. El Ejecutivo busca acelerar las conversaciones ya que a\u00fan no hay definiciones sobre la letra chica de los puntos clave.<\/p>\n\n\n\n<p>Una vez que todas las partes den el visto bueno, la iniciativa ser\u00e1 girada para su tratamiento parlamentario, aunque en Balcarce 50 consideran que se trata solo de una formalidad, ya que no habr\u00eda m\u00e1s encuentros con dirigentes de otros partidos ni cambios de los que ya se hablaron.<\/p>\n\n\n\n<p>El pasado lunes,\u00a0Posse y Francos\u00a0escucharon las posturas de cada sector y la semana que viene, en el borrador del paquete fiscal, incluir\u00e1n la propuesta definitiva sobre Ganancias, aunque no se avanzar\u00e1 con una regionalizaci\u00f3n (distintos montos seg\u00fan la zona del pa\u00eds), como trascendi\u00f3 en un momento.<\/p>\n\n\n\n<p>Adem\u00e1s del piso del impuesto, los funcionarios se comprometieron a modificar tambi\u00e9n las escalas, para que el cobro sea m\u00e1s progresivo, y la f\u00f3rmula de actualizaci\u00f3n de las mismas, para tener en cuenta el factor inflacionario.<\/p>\n\n\n\n<p>Con esta serie de negociaciones, que se encuentran en su recta final, buscan sobre todo resolver las diferencias en temas sensibles como el impuesto a las Ganancias.<\/p>\n\n\n\n<p>El jefe de Gobierno porte\u00f1o,\u00a0Jorge Macri, fue uno de los primeros en llegar a la\u00a0Casa Rosada\u00a0para dialogar con ambos ministros. Aunque el encuentro no abord\u00f3 los fondos de coparticipaci\u00f3n, tema de inter\u00e9s para Macri, s\u00ed se discutieron aspectos relevantes de las reformas propuestas y otros asuntos vinculados a la ciudad.<\/p>\n\n\n\n<p>El mandatario porte\u00f1o ten\u00eda previsto participar del encuentro programado con gobernadores del partido amarillo que se iba a realizar con el ministro. Sin embargo, esta reuni\u00f3n fue suspendida por problemas en la agenda de algunos de los invitados.<\/p>\n\n\n\n<p>Tras enterarse de la decisi\u00f3n de Francos de\u00a0postergar ese c\u00f3nclave para el pr\u00f3ximo 4 de abril, Macri se comunic\u00f3 con el ministro y le propuso mantener una conversaci\u00f3n individual para adelantar algunos de los puntos que se van a discutir la semana pr\u00f3xima.<\/p>\n\n\n\n<p>Finalmente, el titular de la cartera de Interior acept\u00f3 la recomendaci\u00f3n y lo recibi\u00f3 en su oficina junto al subsecretario de Gesti\u00f3n Institucional de la Secretar\u00eda General de la Presidencia, Eduardo \u201cLule\u201d Menem.<\/p>\n\n\n\n<p>Una hora despu\u00e9s del encuentro con el mandatario porte\u00f1o,\u00a0Francos recibi\u00f3 a los diputados Cristian Ritondo, Silvia Lospennato y Silvana Myriam Giudici del bloque PRO, en una sesi\u00f3n que cont\u00f3 con la presencia de altos funcionarios del gobierno, entre los cuales estuvieron el jefe de Gabinete, Nicol\u00e1s Posse; el secretario ejecutivo de Gobierno, Jos\u00e9 Rolandi; el secretario de Interior, Lisandro Catal\u00e1n; el secretario de Hacienda Carlos Guberman, y el presidente de la C\u00e1mara baja, Mart\u00edn Menem.<\/p>\n\n\n\n<p>De esta manera, el oficialismo busca alcanzar un amplio consenso entre todos los sectores antes de enviar la nueva Ley \u00d3mnibus al Congreso, para evitar que la oposici\u00f3n vuelva a rechazarla, como ocurri\u00f3 a principios de febrero pasado.<\/p>\n\n\n\n<p>Una de las piedras de toque en las negociaciones es el\u00a0impuesto a las Ganancias, con opiniones encontradas entre los gobernadores del norte y del sur del pa\u00eds. Mientras los primeros abogan por una reducci\u00f3n en la cuarta categor\u00eda del impuesto, los segundos se oponen firmemente.<\/p>\n\n\n\n<p>A trav\u00e9s de un grupo de Whatsapp denominado \u201c23 gobernadores y 1 jefe de Gobierno\u201d, el cual fue pedido por el bonaerense\u00a0Axel Kicillof, quien remarc\u00f3 que el nombre del cargo de Macri no es el mismo que el del resto de sus colegas; se debate intensamente sobre c\u00f3mo proceder con las propuestas del Gobierno.<\/p>\n\n\n\n<p>Por su parte, el\u00a0Gobierno\u00a0observa de cerca que los mandatarios locales se pongan de acuerdo. Sin embargo, las autoridades nacionales tratan de intervenir lo menos posible y ya dejaron clara su postura: el impuesto tiene que volver a modificarse, ya que es necesario aumentar la recaudaci\u00f3n.<\/p>\n\n\n\n<p>En esta l\u00ednea, algunos l\u00edderes regionales, como es el caso del mendocino\u00a0Alfredo Cornejo,\u00a0propusieron algunas alternativas para tratar de llegar a un punto intermedio, como volver a bajar el piso a partir del cual se empieza a pagar este gravamen, pero con escalas que sean m\u00e1s progresivas, de manera tal que se cobre m\u00e1s a medida que el sueldo es mayor.<\/p>\n","protected":false},"excerpt":{"rendered":"<p>El texto ser\u00e1 entregado tanto a los gobernadores como a los jefes de los distintos espacios en la C\u00e1mara baja e incluir\u00e1 una propuesta sobre el impuesto a las Ganancias, principal eje de conflicto. El Gobierno de\u00a0Javier\u00a0Milei\u00a0mandar\u00e1 al Congreso la Ley Bases y el paquete fiscal. Sin embargo, para evitar dilatar a\u00fan m\u00e1s la aprobaci\u00f3n, [&hellip;]<\/p>\n","protected":false},"author":2,"featured_media":2775,"comment_status":"open","ping_status":"open","sticky":false,"template":"","format":"standard","meta":{"footnotes":""},"categories":[20],"tags":[],"_links":{"self":[{"href":"https:\/\/enlamira.info\/index.php\/wp-json\/wp\/v2\/posts\/2773"}],"collection":[{"href":"https:\/\/enlamira.info\/index.php\/wp-json\/wp\/v2\/posts"}],"about":[{"href":"https:\/\/enlamira.info\/index.php\/wp-json\/wp\/v2\/types\/post"}],"author":[{"embeddable":true,"href":"https:\/\/enlamira.info\/index.php\/wp-json\/wp\/v2\/users\/2"}],"replies":[{"embeddable":true,"href":"https:\/\/enlamira.info\/index.php\/wp-json\/wp\/v2\/comments?post=2773"}],"version-history":[{"count":1,"href":"https:\/\/enlamira.info\/index.php\/wp-json\/wp\/v2\/posts\/2773\/revisions"}],"predecessor-version":[{"id":2774,"href":"https:\/\/enlamira.info\/index.php\/wp-json\/wp\/v2\/posts\/2773\/revisions\/2774"}],"wp:featuredmedia":[{"embeddable":true,"href":"https:\/\/enlamira.info\/index.php\/wp-json\/wp\/v2\/media\/2775"}],"wp:attachment":[{"href":"https:\/\/enlamira.info\/index.php\/wp-json\/wp\/v2\/media?parent=2773"}],"wp:term":[{"taxonomy":"category","embeddable":true,"href":"https:\/\/enlamira.info\/index.php\/wp-json\/wp\/v2\/categories?post=2773"},{"taxonomy":"post_tag","embeddable":true,"href":"https:\/\/enlamira.info\/index.php\/wp-json\/wp\/v2\/tags?post=2773"}],"curies":[{"name":"wp","href":"https:\/\/api.w.org\/{rel}","templated":true}]}}