{"id":2767,"date":"2024-04-06T14:50:01","date_gmt":"2024-04-06T17:50:01","guid":{"rendered":"https:\/\/enlamira.info\/?p=2767"},"modified":"2024-04-06T15:03:58","modified_gmt":"2024-04-06T18:03:58","slug":"la-policia-de-ecuador-detuvo-al-ex-vicepresidente-jorge-glas-en-la-embajada-de-mexico-en-quito","status":"publish","type":"post","link":"https:\/\/enlamira.info\/index.php\/2024\/04\/06\/la-policia-de-ecuador-detuvo-al-ex-vicepresidente-jorge-glas-en-la-embajada-de-mexico-en-quito\/","title":{"rendered":"La Polic\u00eda de Ecuador detuvo al ex vicepresidente Jorge Glas en la embajada de M\u00e9xico en Quito"},"content":{"rendered":"\n<p>Horas despu\u00e9s de que el gobierno mexicano le concediera protecci\u00f3n, el Estado ecuatoriano procedi\u00f3 a su captura al considerar que su aguardo fue \u201ccontrario al marco jur\u00eddico convencional\u201d.<\/p>\n\n\n\n<p>La\u00a0Polic\u00eda de\u00a0Ecuador\u00a0detuvo al ex vicepresidente\u00a0Jorge Glas\u00a0en la embajada de M\u00e9xico en\u00a0Quito, horas despu\u00e9s de que el gobierno mexicano le concediera asilo pol\u00edtico en medio de tensiones\u00a0diplom\u00e1ticas\u00a0entre ambos pa\u00edses.<\/p>\n\n\n\n<p>La medida fue confirmada por la presidencia de\u00a0Ecuador\u00a0a trav\u00e9s de un comunicado en sus redes sociales en el que asegura que \u201cJorge Glas Espinel, condenado a pena privativa de libertad por la justicia ecuatoriana, ha sido detenido esta noche y puesto a \u00f3rdenes de las autoridades competentes\u201d.<\/p>\n\n\n\n<p>\u201cAl haberse abusado de las inmunidades y privilegios, concedidos a la misi\u00f3n diplom\u00e1tica que alberga a Jorge Glas, y conceder un asilo diplom\u00e1tico contrario al marco jur\u00eddico convencional, se ha procedido con su captura\u201d, detalla.<\/p>\n\n\n\n<p>\u201cNing\u00fan delincuente puede ser considerado un perseguido pol\u00edtico. Jorge Glas ha sido condenado con sentencia ecuatoriana y contaba con disposici\u00f3n de captura emitida por las autoridades competentes\u201d, ratifica el documento.<\/p>\n\n\n\n<p>\u201cEcuador\u00a0enfrenta un conflicto armado no internacional, cuyas repercusiones en la democracia y paz ciudadana solo ser\u00e1n incrementales de continuarse o condonarse los actos que interfieren con el estado de derecho, la soberan\u00eda nacional o con temas de injerencia en asuntos internos del pa\u00eds\u201d, concluye el comunicado.<\/p>\n\n\n\n<p>\u201cEcuador\u00a0es un pa\u00eds soberano y no vamos a permitir que ning\u00fan delincuente quede en la impunidad\u201d, a\u00f1adi\u00f3 la Presidencia ecuatoriana.<\/p>\n\n\n\n<p>Im\u00e1genes de medios locales mostraron el ingreso de uniformados a la legaci\u00f3n, ubicada en el norte de Quito, y que estaba resguardada en la parte externa por polic\u00edas y militares.<\/p>\n\n\n\n<figure class=\"wp-block-image size-full\"><img loading=\"lazy\" decoding=\"async\" width=\"768\" height=\"1024\" src=\"https:\/\/enlamira.info\/wp-content\/uploads\/2024\/04\/image-8.png\" alt=\"\" class=\"wp-image-2768\" srcset=\"https:\/\/enlamira.info\/wp-content\/uploads\/2024\/04\/image-8.png 768w, https:\/\/enlamira.info\/wp-content\/uploads\/2024\/04\/image-8-225x300.png 225w\" sizes=\"(max-width: 768px) 100vw, 768px\" \/><\/figure>\n","protected":false},"excerpt":{"rendered":"<p>Horas despu\u00e9s de que el gobierno mexicano le concediera protecci\u00f3n, el Estado ecuatoriano procedi\u00f3 a su captura al considerar que su aguardo fue \u201ccontrario al marco jur\u00eddico convencional\u201d. La\u00a0Polic\u00eda de\u00a0Ecuador\u00a0detuvo al ex vicepresidente\u00a0Jorge Glas\u00a0en la embajada de M\u00e9xico en\u00a0Quito, horas despu\u00e9s de que el gobierno mexicano le concediera asilo pol\u00edtico en medio de tensiones\u00a0diplom\u00e1ticas\u00a0entre ambos [&hellip;]<\/p>\n","protected":false},"author":2,"featured_media":2771,"comment_status":"open","ping_status":"open","sticky":false,"template":"","format":"standard","meta":{"footnotes":""},"categories":[30],"tags":[],"_links":{"self":[{"href":"https:\/\/enlamira.info\/index.php\/wp-json\/wp\/v2\/posts\/2767"}],"collection":[{"href":"https:\/\/enlamira.info\/index.php\/wp-json\/wp\/v2\/posts"}],"about":[{"href":"https:\/\/enlamira.info\/index.php\/wp-json\/wp\/v2\/types\/post"}],"author":[{"embeddable":true,"href":"https:\/\/enlamira.info\/index.php\/wp-json\/wp\/v2\/users\/2"}],"replies":[{"embeddable":true,"href":"https:\/\/enlamira.info\/index.php\/wp-json\/wp\/v2\/comments?post=2767"}],"version-history":[{"count":2,"href":"https:\/\/enlamira.info\/index.php\/wp-json\/wp\/v2\/posts\/2767\/revisions"}],"predecessor-version":[{"id":2772,"href":"https:\/\/enlamira.info\/index.php\/wp-json\/wp\/v2\/posts\/2767\/revisions\/2772"}],"wp:featuredmedia":[{"embeddable":true,"href":"https:\/\/enlamira.info\/index.php\/wp-json\/wp\/v2\/media\/2771"}],"wp:attachment":[{"href":"https:\/\/enlamira.info\/index.php\/wp-json\/wp\/v2\/media?parent=2767"}],"wp:term":[{"taxonomy":"category","embeddable":true,"href":"https:\/\/enlamira.info\/index.php\/wp-json\/wp\/v2\/categories?post=2767"},{"taxonomy":"post_tag","embeddable":true,"href":"https:\/\/enlamira.info\/index.php\/wp-json\/wp\/v2\/tags?post=2767"}],"curies":[{"name":"wp","href":"https:\/\/api.w.org\/{rel}","templated":true}]}}