{"id":2765,"date":"2024-04-06T14:49:09","date_gmt":"2024-04-06T17:49:09","guid":{"rendered":"https:\/\/enlamira.info\/?p=2765"},"modified":"2024-04-06T15:05:38","modified_gmt":"2024-04-06T18:05:38","slug":"alberto-fernandez-se-burlo-de-milei-y-bullrich-lo-castigo-nunca-fue-presidente","status":"publish","type":"post","link":"https:\/\/enlamira.info\/index.php\/2024\/04\/06\/alberto-fernandez-se-burlo-de-milei-y-bullrich-lo-castigo-nunca-fue-presidente\/","title":{"rendered":"Alberto Fern\u00e1ndez se burl\u00f3 de Milei y Bullrich lo castig\u00f3: \u201cNunca fue presidente\u201d"},"content":{"rendered":"\n<p>El ex Presidente critic\u00f3 al actual mandatario por \u201cdisfrazarse\u201d de militar para reunirse con la jefa del Comando Sur, Laura Richardson, en Ushuaia. Ante el comentario de Fern\u00e1ndez, la ministra de Seguridad recogi\u00f3 el guante y lo sentenci\u00f3 duramente.<\/p>\n\n\n\n<p>La ministra de Seguridad,\u00a0Patricia\u00a0Bullrich, sali\u00f3 a cruzar a\u00a0Alberto\u00a0Fern\u00e1ndez\u00a0por sus cr\u00edticas contra el presidente\u00a0Javier Milei.\u00a0El ex mandatario acus\u00f3 al premier argentino de \u201cdisfrazarse\u201d de militar para reunirse con la jefa del Comando Sur,\u00a0Laura Richardson, en Ushuaia.<\/p>\n\n\n\n<p>\u201cEl Presidente argentino, hablando de \u2018expansiones territoriales\u2019, disfrazado de militar junto a una autoridad del ej\u00e9rcito de Estados Unidos, nos llena de verg\u00fcenza como Naci\u00f3n\u201d, hab\u00eda comentado Fern\u00e1ndez.<\/p>\n\n\n\n<p>Ante el ataque al Presidente,\u00a0Bullrich\u00a0tom\u00f3 la posta y fulmin\u00f3 a\u00a0Fern\u00e1ndez, imputado en la causa de los\u00a0Seguros.<\/p>\n\n\n\n<p>\u201cC\u00f3mo se le nota a\u00a0Alberto\u00a0Fern\u00e1ndez\u00a0que nunca fue presidente. Llama \u201cdisfrazarse\u201d a que el presidente Milei se ponga el uniforme\u201d, expres\u00f3 la ministra.<\/p>\n\n\n\n<p>\u201cNi se debe haber enterado que durante 4 a\u00f1os fue el comandante en jefe de las Fuerzas Armadas\u201d, insisti\u00f3 la funcionaria.<\/p>\n\n\n\n<h3 class=\"wp-block-heading\">Milei recibi\u00f3 el avi\u00f3n H\u00e9rcules C-130 que don\u00f3 Estados Unidos a la Fuerza A\u00e9rea Argentina<\/h3>\n\n\n\n<p>Este viernes, el mandatario local se traslad\u00f3 a Tierra del Fuego con una amplia comitiva, incluidos el jefe de Gabinete,\u00a0Nicol\u00e1s Posse, el ministro de Defensa, Luis Petri, el ministro del Interior, Guillermo Francos, y el jefe del Estado Mayor Conjunto, Xavier Isaac.<\/p>\n\n\n\n<p>\u201cDefinir una alianza estrat\u00e9gica es un elemento central de una pol\u00edtica exterior inteligente, pero esas alianzas estrat\u00e9gicas no pueden estar simplemente basada en intereses econ\u00f3micos\u201d, explic\u00f3 Milei en referencia a su alineamiento con las pol\u00edticas de Estados Unidos.<\/p>\n\n\n\n<p>Y a\u00f1adi\u00f3: \u201cTiene que estar ancladas en una\u00a0visi\u00f3n com\u00fan del mundo donde las naciones puedan defender su soberan\u00eda\u00a0y no deban someterse a los arbitrios que atentan sobre los valores de occidente\u201d.<\/p>\n\n\n\n<p>La aeronave que se transfiri\u00f3 este viernes est\u00e1 valuada en aproximadamente 30 millones de d\u00f3lares y es parte de una donaci\u00f3n de asistencia de seguridad financiada por Estados Unidos. Considerado uno de los aviones m\u00e1s exitosos en la historia de la aviaci\u00f3n, el H\u00e9rcules ha operado durante casi 70 a\u00f1os en todos los continentes, realizando una amplia gama de misiones especiales y de transporte a\u00e9reo.<\/p>\n\n\n\n<p>Seg\u00fan las\u00a0autoridades de EE.UU., los fondos de defensa para la cooperaci\u00f3n en materia de seguridad con Argentina superan los 625 millones de d\u00f3lares este a\u00f1o fiscal, centr\u00e1ndose en \u00e1reas clave de inter\u00e9s mutuo como el desarrollo profesional y de capacidades, la ciberdefensa y la preparaci\u00f3n para desastres.<\/p>\n","protected":false},"excerpt":{"rendered":"<p>El ex Presidente critic\u00f3 al actual mandatario por \u201cdisfrazarse\u201d de militar para reunirse con la jefa del Comando Sur, Laura Richardson, en Ushuaia. Ante el comentario de Fern\u00e1ndez, la ministra de Seguridad recogi\u00f3 el guante y lo sentenci\u00f3 duramente. La ministra de Seguridad,\u00a0Patricia\u00a0Bullrich, sali\u00f3 a cruzar a\u00a0Alberto\u00a0Fern\u00e1ndez\u00a0por sus cr\u00edticas contra el presidente\u00a0Javier Milei.\u00a0El ex mandatario [&hellip;]<\/p>\n","protected":false},"author":2,"featured_media":2785,"comment_status":"open","ping_status":"open","sticky":false,"template":"","format":"standard","meta":{"footnotes":""},"categories":[20],"tags":[],"_links":{"self":[{"href":"https:\/\/enlamira.info\/index.php\/wp-json\/wp\/v2\/posts\/2765"}],"collection":[{"href":"https:\/\/enlamira.info\/index.php\/wp-json\/wp\/v2\/posts"}],"about":[{"href":"https:\/\/enlamira.info\/index.php\/wp-json\/wp\/v2\/types\/post"}],"author":[{"embeddable":true,"href":"https:\/\/enlamira.info\/index.php\/wp-json\/wp\/v2\/users\/2"}],"replies":[{"embeddable":true,"href":"https:\/\/enlamira.info\/index.php\/wp-json\/wp\/v2\/comments?post=2765"}],"version-history":[{"count":1,"href":"https:\/\/enlamira.info\/index.php\/wp-json\/wp\/v2\/posts\/2765\/revisions"}],"predecessor-version":[{"id":2766,"href":"https:\/\/enlamira.info\/index.php\/wp-json\/wp\/v2\/posts\/2765\/revisions\/2766"}],"wp:featuredmedia":[{"embeddable":true,"href":"https:\/\/enlamira.info\/index.php\/wp-json\/wp\/v2\/media\/2785"}],"wp:attachment":[{"href":"https:\/\/enlamira.info\/index.php\/wp-json\/wp\/v2\/media?parent=2765"}],"wp:term":[{"taxonomy":"category","embeddable":true,"href":"https:\/\/enlamira.info\/index.php\/wp-json\/wp\/v2\/categories?post=2765"},{"taxonomy":"post_tag","embeddable":true,"href":"https:\/\/enlamira.info\/index.php\/wp-json\/wp\/v2\/tags?post=2765"}],"curies":[{"name":"wp","href":"https:\/\/api.w.org\/{rel}","templated":true}]}}