{"id":2755,"date":"2024-04-06T14:46:04","date_gmt":"2024-04-06T17:46:04","guid":{"rendered":"https:\/\/enlamira.info\/?p=2755"},"modified":"2024-04-06T15:37:46","modified_gmt":"2024-04-06T18:37:46","slug":"tras-los-allanamientos-en-su-casa-el-gobierno-echo-al-gerente-general-de-nacion-seguros","status":"publish","type":"post","link":"https:\/\/enlamira.info\/index.php\/2024\/04\/06\/tras-los-allanamientos-en-su-casa-el-gobierno-echo-al-gerente-general-de-nacion-seguros\/","title":{"rendered":"Tras los allanamientos en su casa, el Gobierno ech\u00f3 al gerente general de Naci\u00f3n Seguros"},"content":{"rendered":"\n<p>El excamporista Mauro Tanos, investigado por su presunto rol como intermediario en contrataciones millonarias con la firma San Ignacio durante la gesti\u00f3n de Alberto Fern\u00e1ndez, fue desvinculado luego del esc\u00e1ndalo.<\/p>\n\n\n\n<p>En medio de los\u00a0allanamientos\u00a0ordenados desde la justicia federal en la vivienda de\u00a0Mauro Tanos, imputado en el marco de la investigaci\u00f3n sobre una trama millonaria de contrataciones de\u00a0seguros, el Gobierno de\u00a0Javier\u00a0Milei\u00a0lo desvincul\u00f3 de su cargo como gerente de Naci\u00f3n Seguros.<\/p>\n\n\n\n<p>Durante el gobierno del\u00a0Frente de Todos, Tanos ocup\u00f3 el cargo de gerente comercial del sector p\u00fablico en Naci\u00f3n Seguros. Con el ascenso de La Libertad Avanza a la presidencia, el joven fue promovido a gerente general. Marcos Federico Eufemio, el actual gerente de compras de la compa\u00f1\u00eda, tambi\u00e9n ha sido imputado y allanado, mientras las\u00a0investigaciones sugieren v\u00ednculos entre miembros de Naci\u00f3n Seguros S.A y directivos de una de las empresas coaseguradoras, evidenciados por el uso de autos de alta gama registrados a nombre de cooperativas, que tambi\u00e9n han sido objeto de allanamientos.<\/p>\n\n\n\n<p>Este s\u00e1bado,\u00a0Tanos\u00a0fue apartado de su cargo tras el allanamiento ordenado ayer por el juez\u00a0Juli\u00e1n\u00a0Ercolini\u00a0en su domicilio, donde le secuestraron el tel\u00e9fono. La salida, confirmada por fuentes oficiales, se concretar\u00e1 el lunes de manera formal.<\/p>\n\n\n\n<p>El juez federal\u00a0Ercolini\u00a0orden\u00f3 este viernes un total de\u00a024 allanamientos\u00a0en el marco de la causa por el\u00a0esc\u00e1ndalo de los\u00a0seguros, en la que el expresidente\u00a0Alberto\u00a0Fern\u00e1ndez\u00a0es uno de los imputados. \u201cSe est\u00e1n allanando empresas y personas\u201d, dijo una fuente judicial cuando comenzaban los operativos.<\/p>\n\n\n\n<p>El magistrado tiene hasta ahora dos causas por el esc\u00e1ndalo de los seguros, iniciado a partir de una\u00a0denuncia\u00a0de la abogada\u00a0Silvina Mart\u00ednez, a la que se anex\u00f3 una presentaci\u00f3n de los diputados de la Coalici\u00f3n C\u00edvica\u00a0Juan Manuel L\u00f3pez y Paula Oliveto. Luego, hubo una segunda denuncia que hizo el Gobierno por los seguros que se contrataban para darle cobertura a los jubilados y pensionados que tomaban cr\u00e9ditos de la\u00a0ANSES.<\/p>\n\n\n\n<p>Entre ayer y hoy,\u00a0Tanos\u00a0habl\u00f3 varias veces con el presidente de Naci\u00f3n Seguros,\u00a0Alfonso Jos\u00e9 Torres, y acordaron su cese como funcionario del Gobierno tras el esc\u00e1ndalo p\u00fablico.<\/p>\n\n\n\n<p>Tanos\u00a0comenz\u00f3 su carrera pol\u00edtica en la Juventud Peronista a los 19 a\u00f1os de la mano de\u00a0Jos\u00e9 Ottavis. Luego fue funcionario en la Municipalidad de Moreno y en otros organismos.<\/p>\n","protected":false},"excerpt":{"rendered":"<p>El excamporista Mauro Tanos, investigado por su presunto rol como intermediario en contrataciones millonarias con la firma San Ignacio durante la gesti\u00f3n de Alberto Fern\u00e1ndez, fue desvinculado luego del esc\u00e1ndalo. En medio de los\u00a0allanamientos\u00a0ordenados desde la justicia federal en la vivienda de\u00a0Mauro Tanos, imputado en el marco de la investigaci\u00f3n sobre una trama millonaria de [&hellip;]<\/p>\n","protected":false},"author":2,"featured_media":2758,"comment_status":"open","ping_status":"open","sticky":false,"template":"","format":"standard","meta":{"footnotes":""},"categories":[20],"tags":[],"_links":{"self":[{"href":"https:\/\/enlamira.info\/index.php\/wp-json\/wp\/v2\/posts\/2755"}],"collection":[{"href":"https:\/\/enlamira.info\/index.php\/wp-json\/wp\/v2\/posts"}],"about":[{"href":"https:\/\/enlamira.info\/index.php\/wp-json\/wp\/v2\/types\/post"}],"author":[{"embeddable":true,"href":"https:\/\/enlamira.info\/index.php\/wp-json\/wp\/v2\/users\/2"}],"replies":[{"embeddable":true,"href":"https:\/\/enlamira.info\/index.php\/wp-json\/wp\/v2\/comments?post=2755"}],"version-history":[{"count":2,"href":"https:\/\/enlamira.info\/index.php\/wp-json\/wp\/v2\/posts\/2755\/revisions"}],"predecessor-version":[{"id":2759,"href":"https:\/\/enlamira.info\/index.php\/wp-json\/wp\/v2\/posts\/2755\/revisions\/2759"}],"wp:featuredmedia":[{"embeddable":true,"href":"https:\/\/enlamira.info\/index.php\/wp-json\/wp\/v2\/media\/2758"}],"wp:attachment":[{"href":"https:\/\/enlamira.info\/index.php\/wp-json\/wp\/v2\/media?parent=2755"}],"wp:term":[{"taxonomy":"category","embeddable":true,"href":"https:\/\/enlamira.info\/index.php\/wp-json\/wp\/v2\/categories?post=2755"},{"taxonomy":"post_tag","embeddable":true,"href":"https:\/\/enlamira.info\/index.php\/wp-json\/wp\/v2\/tags?post=2755"}],"curies":[{"name":"wp","href":"https:\/\/api.w.org\/{rel}","templated":true}]}}