{"id":2746,"date":"2024-04-06T14:43:55","date_gmt":"2024-04-06T17:43:55","guid":{"rendered":"https:\/\/enlamira.info\/?p=2746"},"modified":"2024-04-06T15:39:26","modified_gmt":"2024-04-06T18:39:26","slug":"tevez-y-una-fuerte-declaracion-de-cara-a-su-futuro-en-independiente-me-quiero","status":"publish","type":"post","link":"https:\/\/enlamira.info\/index.php\/2024\/04\/06\/tevez-y-una-fuerte-declaracion-de-cara-a-su-futuro-en-independiente-me-quiero\/","title":{"rendered":"Tevez y una fuerte declaraci\u00f3n de cara a su futuro en Independiente: \u201cMe quiero\u2026\u201d"},"content":{"rendered":"\n<p>Tras la victoria ante Banfield, el director t\u00e9cnico del Rojo particip\u00f3 de la conferencia de prensa y despej\u00f3 dudas sobre su futuro.<\/p>\n\n\n\n<p>Independiente\u00a0logr\u00f3 una gran victoria ante\u00a0Banfield\u00a0en el\u00a0Florencio Sol\u00e1, la cual le mantiene viva la ilusi\u00f3n de clasificar a la siguiente instancia de la\u00a0Copa de la Liga Profesional, aunque aun aguarda de los resultados para mayor calma.<\/p>\n\n\n\n<p>\u201cEstoy contento en Independiente, me quiero quedar\u201d, asegur\u00f3 el ex entrenador de\u00a0Rosario Central, que dej\u00f3 en claro que se siente c\u00f3modo en el puesto, por lo cual\u00a0seguir\u00e1 sin importar lo que pase en el torneo.\u00a0<\/p>\n\n\n\n<p>En la conferencia ya hab\u00eda confirmado que en caso de no clasificar, el objetivo ser\u00e1\u00a0\u201cseguir para adelante\u201d:\u00a0\u201cNo les pido paciencia porque hoy no tienen. Tienen que saber que nos podemos equivocar, pero vamos a hacer lo mejor para este club\u201d, dijo el\u00a0\u201cApache\u201d.<\/p>\n\n\n\n<p>Independiente se ubica actualmente cuarto en la Zona A, solo una unidad por encima de\u00a0River, que este domingo se medir\u00e1 contra\u00a0Rosario Central\u00a0en el\u00a0Estadio Monumental. De igual manera, tiene las mismas unidades que\u00a0Talleres,\u00a0Barracas Central\u00a0y tambi\u00e9n\u00a0V\u00e9lez, por lo cual todav\u00eda el torneo est\u00e1 abierto.<\/p>\n","protected":false},"excerpt":{"rendered":"<p>Tras la victoria ante Banfield, el director t\u00e9cnico del Rojo particip\u00f3 de la conferencia de prensa y despej\u00f3 dudas sobre su futuro. Independiente\u00a0logr\u00f3 una gran victoria ante\u00a0Banfield\u00a0en el\u00a0Florencio Sol\u00e1, la cual le mantiene viva la ilusi\u00f3n de clasificar a la siguiente instancia de la\u00a0Copa de la Liga Profesional, aunque aun aguarda de los resultados para [&hellip;]<\/p>\n","protected":false},"author":2,"featured_media":2750,"comment_status":"open","ping_status":"open","sticky":false,"template":"","format":"standard","meta":{"footnotes":""},"categories":[14],"tags":[],"_links":{"self":[{"href":"https:\/\/enlamira.info\/index.php\/wp-json\/wp\/v2\/posts\/2746"}],"collection":[{"href":"https:\/\/enlamira.info\/index.php\/wp-json\/wp\/v2\/posts"}],"about":[{"href":"https:\/\/enlamira.info\/index.php\/wp-json\/wp\/v2\/types\/post"}],"author":[{"embeddable":true,"href":"https:\/\/enlamira.info\/index.php\/wp-json\/wp\/v2\/users\/2"}],"replies":[{"embeddable":true,"href":"https:\/\/enlamira.info\/index.php\/wp-json\/wp\/v2\/comments?post=2746"}],"version-history":[{"count":2,"href":"https:\/\/enlamira.info\/index.php\/wp-json\/wp\/v2\/posts\/2746\/revisions"}],"predecessor-version":[{"id":2748,"href":"https:\/\/enlamira.info\/index.php\/wp-json\/wp\/v2\/posts\/2746\/revisions\/2748"}],"wp:featuredmedia":[{"embeddable":true,"href":"https:\/\/enlamira.info\/index.php\/wp-json\/wp\/v2\/media\/2750"}],"wp:attachment":[{"href":"https:\/\/enlamira.info\/index.php\/wp-json\/wp\/v2\/media?parent=2746"}],"wp:term":[{"taxonomy":"category","embeddable":true,"href":"https:\/\/enlamira.info\/index.php\/wp-json\/wp\/v2\/categories?post=2746"},{"taxonomy":"post_tag","embeddable":true,"href":"https:\/\/enlamira.info\/index.php\/wp-json\/wp\/v2\/tags?post=2746"}],"curies":[{"name":"wp","href":"https:\/\/api.w.org\/{rel}","templated":true}]}}