{"id":2734,"date":"2024-04-06T14:39:25","date_gmt":"2024-04-06T17:39:25","guid":{"rendered":"https:\/\/enlamira.info\/?p=2734"},"modified":"2024-04-06T15:42:06","modified_gmt":"2024-04-06T18:42:06","slug":"francis-garcia-quien-fue-y-por-que-google-le-dedico-su-doodle","status":"publish","type":"post","link":"https:\/\/enlamira.info\/index.php\/2024\/04\/06\/francis-garcia-quien-fue-y-por-que-google-le-dedico-su-doodle\/","title":{"rendered":"Francis Garc\u00eda: qui\u00e9n fue y por qu\u00e9 Google le dedic\u00f3 su doodle"},"content":{"rendered":"\n<p>Este 6 de abril, el buscador m\u00e1s utilizado del mundo decidi\u00f3 homenajear a la artista mexicana que naci\u00f3 un d\u00eda como hoy, pero de 1958<\/p>\n\n\n\n<p>Este s\u00e1bado\u00a06 de abril, Google utiliz\u00f3 su buscador para homenajear con\u00a0su famoso\u00a0doodle\u00a0a\u00a0Francis Garc\u00eda. \u00bfEl motivo? La\u00a0celebraci\u00f3n por el sesenta y seis cumplea\u00f1os de la bailarina, actriz y drag queen mexicana\u00a0que naci\u00f3 un d\u00eda como hoy, pero de 1958. El dibujo elegido muestra el rostro de la artista, con su caracter\u00edstica cabellera rubia y un vestido de brillos acompa\u00f1ado de guantes en color morado. Le sumaron aros largos y una sonrisa de oreja a oreja frente a un escenario, el cual tiene los colores alusivos a la bandera LGBTQ+.<\/p>\n\n\n\n<p>\u201cEl Doodle de hoy celebra al artista, drag queen, bailarina y actriz mexicana\u00a0Francis Garc\u00eda. Fue\u00a0una de las primeras artistas trans en convertirse en una figura p\u00fablica\u00a0nacional a trav\u00e9s de apariciones en los medios, incluido su propio programa de televisi\u00f3n\u201d, detallaron en la descripci\u00f3n del buscador.<\/p>\n\n\n\n<p>En ese sentido, y para conocer un poco m\u00e1s sobre la vida de la artista y sus comienzos, agregaron: \u201cLa madre y la t\u00eda de Francisco, dos de sus mayores partidarios, le ense\u00f1aron a coser cuando era joven.\u00a0Se dedic\u00f3 al dise\u00f1o de vestuario y confeccion\u00f3 prendas para carnavales y ferias, y comenz\u00f3 a trabajar en una tienda de ropa en la Ciudad de M\u00e9xico con solo 17 a\u00f1os.\u201d<\/p>\n\n\n\n<p>Garc\u00eda actu\u00f3 como drag queen y bail\u00f3 en espect\u00e1culos de vedette en el Teatro Blanquita, donde fue descubierta. El reconocimiento nacional lleg\u00f3 despu\u00e9s de que fuera\u00a0elegida para la famosa pel\u00edcula mexicana\u00a0<em>Bellas de Noche<\/em>\u201d.<\/p>\n\n\n\n<p>Tras el \u00e9xito que cosech\u00f3 con esa cinta, consigui\u00f3 su propio programa, llamado\u00a0<em>El Show de Francis<\/em>, que se hizo popular en M\u00e9xico y los Estados Unidos. Sus actuaciones incluyen baladas con hermosos vestidos de dise\u00f1o propio, deslumbrantes n\u00fameros de baile estilo corista de Las Vegas y divertidas personificaciones de celebridades.\u00a0El ciclo estuvo al aire entre 1980 y 1998 y fue uno de los programas m\u00e1s populares dirigidos por una persona trans.<\/p>\n\n\n\n<p>Francis apareci\u00f3 en varias pel\u00edculas y programas a lo largo de su carrera:&nbsp;<em>Los Relajadores<\/em>&nbsp;(<em>The Relaxed Ones<\/em>),&nbsp;<em>De S\u00faper Macho a S\u00faper Hembra<\/em>&nbsp;(<em>From S\u00faper Male to S\u00faper Female<\/em>) y&nbsp;<em>Desde Gayola<\/em>&nbsp;(<em>From Gayola<\/em>), son solo algunas de ellas.<\/p>\n\n\n\n<p>El Carnaval de Campeche en su ciudad natal<strong>&nbsp;nombr\u00f3 a Francisco su \u201cReina de Reinas\u201d en 2005,<\/strong>&nbsp;y su madre mantuvo un museo que la honr\u00f3 y exhibi\u00f3 sus trajes elaborados durante a\u00f1os. Fue una de las primeras celebridades abiertamente LGBTQ+ del pa\u00eds y abog\u00f3 por la igualdad de derechos durante toda su vida. Muri\u00f3 en la Ciudad de M\u00e9xico el 10 de octubre de 2007 por una trombosis pulmonar.&nbsp;<strong>Ten\u00eda 49 a\u00f1os<\/strong>.<\/p>\n\n\n\n<h2 class=\"wp-block-heading\">Qu\u00e9 es un doodle<\/h2>\n\n\n\n<p>Desde el sitio oficial del buscador explicaron: \u201cLos doodles son los divertidos, sorprendentes e incluso a veces espont\u00e1neos cambios que se realizan en el logotipo de Google para conmemorar festividades, aniversarios y las vidas de c\u00e9lebres artistas, pioneros y cient\u00edficos\u201d.<\/p>\n\n\n\n<p>En ese sentido, completaron: \u201cA lo largo de los a\u00f1os, ya publicaron m\u00e1s de 5 mil con distintos motivos. Para definir cu\u00e1ndo realizar uno nuevo, hay un equipo especializado que se re\u00fane habitualmente para intercambiar eventos y decidir qu\u00e9 eventos, personalidades o efem\u00e9rides se destacar\u00e1n en la p\u00e1gina principal del buscador. El objetivo del proceso de selecci\u00f3n consiste en\u00a0conmemorar aniversarios y eventos interesantes que reflejen la personalidad de Google y su pasi\u00f3n por la innovaci\u00f3n\u201d.<\/p>\n","protected":false},"excerpt":{"rendered":"<p>Este 6 de abril, el buscador m\u00e1s utilizado del mundo decidi\u00f3 homenajear a la artista mexicana que naci\u00f3 un d\u00eda como hoy, pero de 1958 Este s\u00e1bado\u00a06 de abril, Google utiliz\u00f3 su buscador para homenajear con\u00a0su famoso\u00a0doodle\u00a0a\u00a0Francis Garc\u00eda. \u00bfEl motivo? La\u00a0celebraci\u00f3n por el sesenta y seis cumplea\u00f1os de la bailarina, actriz y drag queen mexicana\u00a0que [&hellip;]<\/p>\n","protected":false},"author":2,"featured_media":2736,"comment_status":"open","ping_status":"open","sticky":false,"template":"","format":"standard","meta":{"footnotes":""},"categories":[31],"tags":[],"_links":{"self":[{"href":"https:\/\/enlamira.info\/index.php\/wp-json\/wp\/v2\/posts\/2734"}],"collection":[{"href":"https:\/\/enlamira.info\/index.php\/wp-json\/wp\/v2\/posts"}],"about":[{"href":"https:\/\/enlamira.info\/index.php\/wp-json\/wp\/v2\/types\/post"}],"author":[{"embeddable":true,"href":"https:\/\/enlamira.info\/index.php\/wp-json\/wp\/v2\/users\/2"}],"replies":[{"embeddable":true,"href":"https:\/\/enlamira.info\/index.php\/wp-json\/wp\/v2\/comments?post=2734"}],"version-history":[{"count":1,"href":"https:\/\/enlamira.info\/index.php\/wp-json\/wp\/v2\/posts\/2734\/revisions"}],"predecessor-version":[{"id":2735,"href":"https:\/\/enlamira.info\/index.php\/wp-json\/wp\/v2\/posts\/2734\/revisions\/2735"}],"wp:featuredmedia":[{"embeddable":true,"href":"https:\/\/enlamira.info\/index.php\/wp-json\/wp\/v2\/media\/2736"}],"wp:attachment":[{"href":"https:\/\/enlamira.info\/index.php\/wp-json\/wp\/v2\/media?parent=2734"}],"wp:term":[{"taxonomy":"category","embeddable":true,"href":"https:\/\/enlamira.info\/index.php\/wp-json\/wp\/v2\/categories?post=2734"},{"taxonomy":"post_tag","embeddable":true,"href":"https:\/\/enlamira.info\/index.php\/wp-json\/wp\/v2\/tags?post=2734"}],"curies":[{"name":"wp","href":"https:\/\/api.w.org\/{rel}","templated":true}]}}