{"id":2730,"date":"2024-04-05T21:21:50","date_gmt":"2024-04-06T00:21:50","guid":{"rendered":"https:\/\/enlamira.info\/?p=2730"},"modified":"2024-04-05T21:22:17","modified_gmt":"2024-04-06T00:22:17","slug":"dani-alves-rompio-el-silencio-tras-ser-liberado-de-la-carcel","status":"publish","type":"post","link":"https:\/\/enlamira.info\/index.php\/2024\/04\/05\/dani-alves-rompio-el-silencio-tras-ser-liberado-de-la-carcel\/","title":{"rendered":"Dani Alves rompi\u00f3 el silencio tras ser liberado de la c\u00e1rcel"},"content":{"rendered":"\n<p>El futbolista se mantiene en libertad provisional a la espera de la apelaci\u00f3n presentada despu\u00e9s de ser considerado culpable en una investigaci\u00f3n por abuso sexual.<\/p>\n\n\n\n<p>Dani Alves fue condenado a cuatro a\u00f1os y seis meses de prisi\u00f3n\u00a0tras ser encontrado culpable de un abuso sexual ocurrido en una discoteca de Barcelona el 30 de diciembre de 2022,\u00a0pero sali\u00f3 de prisi\u00f3n tras m\u00e1s de 14 meses a la espera de que la sentencia quede firme mediante la libertad provisional.\u00a0Desde ese momento, el ex jugador de 40 a\u00f1os se limit\u00f3 en sus palabras y solo se mostr\u00f3 para cumplir con los requisitos del beneficio procesal hasta este viernes.<\/p>\n\n\n\n<p>El ganador de 43 t\u00edtulos a lo largo de su carrera\u00a0concedi\u00f3 una corta entrevista para El Peri\u00f3dico de Espa\u00f1a\u00a0en compa\u00f1\u00eda de Bruno Brasil, el amigo que estuvo el d\u00eda de lo sucedido con una joven en un ba\u00f1o reservado del local bailable, seg\u00fan lo juzgado por la Justicia. Luego de m\u00e1s de un a\u00f1o tras las rejas, dej\u00f3 su sensaci\u00f3n sobre aquellos momentos: \u201cAll\u00e1 donde voy sobrevivo. Yo me adapto a todo porque para m\u00ed no es el lugar el que hace a la persona, sino la persona la que se hace al lugar\u201d.<\/p>\n\n\n\n<p>Luego de asistir a la secretar\u00eda de la secci\u00f3n 21 de la Audiencia de Barcelona, en el Palacio de Justicia, expres\u00f3: \u201cEs lo que me toca. Cada viernes ir al juzgado y ya est\u00e1.\u00a0Tampoco tengo mucho m\u00e1s que hacer\u201d. Est\u00e1 obligado a reportarse semana a semana como uno de los requisitos impuestos por el tribunal con la intenci\u00f3n de mostrarse a disposici\u00f3n en la causa y, de esta manera, certificar que no se ha fugado de Espa\u00f1a.\u00a0Anteriormente, entreg\u00f3 sus dos pasaportes.<\/p>\n","protected":false},"excerpt":{"rendered":"<p>El futbolista se mantiene en libertad provisional a la espera de la apelaci\u00f3n presentada despu\u00e9s de ser considerado culpable en una investigaci\u00f3n por abuso sexual. Dani Alves fue condenado a cuatro a\u00f1os y seis meses de prisi\u00f3n\u00a0tras ser encontrado culpable de un abuso sexual ocurrido en una discoteca de Barcelona el 30 de diciembre de [&hellip;]<\/p>\n","protected":false},"author":2,"featured_media":2733,"comment_status":"open","ping_status":"open","sticky":false,"template":"","format":"standard","meta":{"footnotes":""},"categories":[14],"tags":[],"_links":{"self":[{"href":"https:\/\/enlamira.info\/index.php\/wp-json\/wp\/v2\/posts\/2730"}],"collection":[{"href":"https:\/\/enlamira.info\/index.php\/wp-json\/wp\/v2\/posts"}],"about":[{"href":"https:\/\/enlamira.info\/index.php\/wp-json\/wp\/v2\/types\/post"}],"author":[{"embeddable":true,"href":"https:\/\/enlamira.info\/index.php\/wp-json\/wp\/v2\/users\/2"}],"replies":[{"embeddable":true,"href":"https:\/\/enlamira.info\/index.php\/wp-json\/wp\/v2\/comments?post=2730"}],"version-history":[{"count":2,"href":"https:\/\/enlamira.info\/index.php\/wp-json\/wp\/v2\/posts\/2730\/revisions"}],"predecessor-version":[{"id":2732,"href":"https:\/\/enlamira.info\/index.php\/wp-json\/wp\/v2\/posts\/2730\/revisions\/2732"}],"wp:featuredmedia":[{"embeddable":true,"href":"https:\/\/enlamira.info\/index.php\/wp-json\/wp\/v2\/media\/2733"}],"wp:attachment":[{"href":"https:\/\/enlamira.info\/index.php\/wp-json\/wp\/v2\/media?parent=2730"}],"wp:term":[{"taxonomy":"category","embeddable":true,"href":"https:\/\/enlamira.info\/index.php\/wp-json\/wp\/v2\/categories?post=2730"},{"taxonomy":"post_tag","embeddable":true,"href":"https:\/\/enlamira.info\/index.php\/wp-json\/wp\/v2\/tags?post=2730"}],"curies":[{"name":"wp","href":"https:\/\/api.w.org\/{rel}","templated":true}]}}