{"id":2712,"date":"2024-04-05T14:32:36","date_gmt":"2024-04-05T17:32:36","guid":{"rendered":"https:\/\/enlamira.info\/?p=2712"},"modified":"2024-04-05T21:06:43","modified_gmt":"2024-04-06T00:06:43","slug":"el-sindicalismo-cruzo-a-milei-por-los-despidos-en-el-estado-que-publique-el-listado-de-noquis","status":"publish","type":"post","link":"https:\/\/enlamira.info\/index.php\/2024\/04\/05\/el-sindicalismo-cruzo-a-milei-por-los-despidos-en-el-estado-que-publique-el-listado-de-noquis\/","title":{"rendered":"El sindicalismo cruz\u00f3 a Milei por los despidos en el Estado: \u201cQue publique el listado de \u00f1oquis\u201d"},"content":{"rendered":"\n<p>A horas de marchar hacia el Ministerio de Econom\u00eda, Rodolfo Aguar, titular de ATE, sostuvo que el Gobierno \u201cnunca llev\u00f3 adelante ni auditor\u00edas, ni relevamientos\u201d.<\/p>\n\n\n\n<p>En medio del paro nacional que encabeza ATE frente a la reducci\u00f3n del personal del Estado que impulsa el presidente Javier Milei, el titular del gremio, Rodolfo Aguiar, le advirti\u00f3 al Gobierno que \u201cpublique el listado de \u00f1oquis\u201d.\u201cEl paro de ATE es contundente en todo el pa\u00eds. El sindicato le exige al Gobierno que publique el listado de los \u00f1oquis\u201c, arranc\u00f3 esta ma\u00f1ana Aguiar en su cuenta de X.Tras lo cual exigi\u00f3: \u201cSi el Gobierno no publica un listado con los supuestos \u00f1oquis, tiene que determinar la reinstalaci\u00f3n y el inmediato pago de las remuneraciones a todos los despedidos, porque hasta aqu\u00ed no ha podido acreditar en ning\u00fan caso la causal invocada de la \u2018no prestaci\u00f3n de servicios&#8217;\u201d.El mensaje se dio a horas de marchar hacia el Ministerio de Econom\u00eda, movilizaci\u00f3n que se llevara a cabo este viernes a las 12 horas.<\/p>\n\n\n\n<p>\u201cResulta imperiosa la justificaci\u00f3n de los despidos, ya que ha sido el propio Estado Nacional el que puso en revisi\u00f3n la planta transitoria. Debe existir una decisi\u00f3n fundada. Est\u00e1 quedando claro que el Gobierno nunca llev\u00f3 adelante ni auditor\u00edas, ni relevamientos, y que tampoco verific\u00f3 la asignaci\u00f3n de funciones a cada agente\u201d, agreg\u00f3 el gremialista en el posteo.Y concluy\u00f3: \u201cPasan las horas y el Gobierno queda en evidencia: En este momento existe una grave afectaci\u00f3n al estado de derecho en nuestro pa\u00eds\u201c.<\/p>\n\n\n\n<p><\/p>\n","protected":false},"excerpt":{"rendered":"<p>A horas de marchar hacia el Ministerio de Econom\u00eda, Rodolfo Aguar, titular de ATE, sostuvo que el Gobierno \u201cnunca llev\u00f3 adelante ni auditor\u00edas, ni relevamientos\u201d. En medio del paro nacional que encabeza ATE frente a la reducci\u00f3n del personal del Estado que impulsa el presidente Javier Milei, el titular del gremio, Rodolfo Aguiar, le advirti\u00f3 [&hellip;]<\/p>\n","protected":false},"author":2,"featured_media":2714,"comment_status":"open","ping_status":"open","sticky":false,"template":"","format":"standard","meta":{"footnotes":""},"categories":[20],"tags":[],"_links":{"self":[{"href":"https:\/\/enlamira.info\/index.php\/wp-json\/wp\/v2\/posts\/2712"}],"collection":[{"href":"https:\/\/enlamira.info\/index.php\/wp-json\/wp\/v2\/posts"}],"about":[{"href":"https:\/\/enlamira.info\/index.php\/wp-json\/wp\/v2\/types\/post"}],"author":[{"embeddable":true,"href":"https:\/\/enlamira.info\/index.php\/wp-json\/wp\/v2\/users\/2"}],"replies":[{"embeddable":true,"href":"https:\/\/enlamira.info\/index.php\/wp-json\/wp\/v2\/comments?post=2712"}],"version-history":[{"count":1,"href":"https:\/\/enlamira.info\/index.php\/wp-json\/wp\/v2\/posts\/2712\/revisions"}],"predecessor-version":[{"id":2713,"href":"https:\/\/enlamira.info\/index.php\/wp-json\/wp\/v2\/posts\/2712\/revisions\/2713"}],"wp:featuredmedia":[{"embeddable":true,"href":"https:\/\/enlamira.info\/index.php\/wp-json\/wp\/v2\/media\/2714"}],"wp:attachment":[{"href":"https:\/\/enlamira.info\/index.php\/wp-json\/wp\/v2\/media?parent=2712"}],"wp:term":[{"taxonomy":"category","embeddable":true,"href":"https:\/\/enlamira.info\/index.php\/wp-json\/wp\/v2\/categories?post=2712"},{"taxonomy":"post_tag","embeddable":true,"href":"https:\/\/enlamira.info\/index.php\/wp-json\/wp\/v2\/tags?post=2712"}],"curies":[{"name":"wp","href":"https:\/\/api.w.org\/{rel}","templated":true}]}}