{"id":2694,"date":"2024-04-05T13:44:28","date_gmt":"2024-04-05T16:44:28","guid":{"rendered":"https:\/\/enlamira.info\/?p=2694"},"modified":"2024-04-05T13:44:33","modified_gmt":"2024-04-05T16:44:33","slug":"paro-y-movilizacion-de-ate-manifestantes-se-enfrentan-con-la-policia-frente-al-ministerio-de-economia","status":"publish","type":"post","link":"https:\/\/enlamira.info\/index.php\/2024\/04\/05\/paro-y-movilizacion-de-ate-manifestantes-se-enfrentan-con-la-policia-frente-al-ministerio-de-economia\/","title":{"rendered":"Paro y movilizaci\u00f3n de ATE: manifestantes se enfrentan con la polic\u00eda frente al ministerio de Econom\u00eda"},"content":{"rendered":"\n<p>El sindicato que nuclea a los trabajadores del Estado lleva adelante su segunda jornada de lucha contra los despidos masivos en el sector. Hay tensi\u00f3n con las fuerzas de seguridad que intentan aplicar el protocolo antipiquetes<\/p>\n\n\n\n<p>En el marco del paro nacional y movilizaci\u00f3n que llevan adelante desde la Asociaci\u00f3n de Trabajadores del Estado (ATE) contra los despidos masivos que llev\u00f3 adelante el presidente Javier Milei, se reportan incidentes entre los manifestantes y las fuerzas de seguridad en las inmediaciones del ministerio de Econom\u00eda, en el microcentro porte\u00f1o.Hubo golpes y corridas frente a Plaza de Mayo, cuando un grupo de agentes de la polic\u00eda de la Ciudad de Buenos Aires y la Polic\u00eda Federal Argentina (PFA), quisieron hacer un cord\u00f3n para evitar que los manifestantes cortaran la calle, aplicando as\u00ed el protocolo dispuesto por el ministerio de Seguridad de la Naci\u00f3n, a cargo de Patricia Bullrich.<\/p>\n\n\n\n<p>\u201cNo vamos a parar de luchar hasta quitarle la motosierra y que empiece a cortar otras cabezas, que no sean la de los trabajadores y jubilados\u201d, sostuvo entre gritos y empujones el l\u00edder del gremio estatal, Rodolfo Aguiar.La situaci\u00f3n gener\u00f3 una serie de embestidas por parte de los presentes en la protesta contra los efectivos de seguridad, para evitar que se los mantenga dentro de la traza de la vereda. Por el momento no hay reportes de heridos, pero la tensi\u00f3n sube en el lugar.<\/p>\n\n\n\n<p>El conflicto se gener\u00f3 cuando desde el Gobierno nacional decidieron reducir la plata de empleados del Estado, despidiendo a m\u00e1s de 15 mil personas, entre las que se encuentra en su mayor\u00eda contratados o empleados en condiciones de irregularidad. Desde el sindicato decidieron imponer un plan de lucha por la reincorporaci\u00f3n de los trabajadores y en contra del ajuste de Milei.\u201cEl paro es contundente en todo el pa\u00eds. El sindicato exige al gobierno que publique el listado de los \u00f1oquis\u201d, se\u00f1al\u00f3 el titular de ATE, a trav\u00e9s de X (ex Twitter) horas antes del inicio de la jornada de lucha. Asimismo, advirti\u00f3 que Milei \u201ctiene que determinar la reinstalaci\u00f3n y el inmediato pago de las remuneraciones a todos los despedidos, porque hasta aqu\u00ed no ha podido acreditar en ning\u00fan caso la causal invocada de la no prestaci\u00f3n de servicios\u201d.<\/p>\n","protected":false},"excerpt":{"rendered":"<p>El sindicato que nuclea a los trabajadores del Estado lleva adelante su segunda jornada de lucha contra los despidos masivos en el sector. Hay tensi\u00f3n con las fuerzas de seguridad que intentan aplicar el protocolo antipiquetes En el marco del paro nacional y movilizaci\u00f3n que llevan adelante desde la Asociaci\u00f3n de Trabajadores del Estado (ATE) [&hellip;]<\/p>\n","protected":false},"author":2,"featured_media":2695,"comment_status":"open","ping_status":"open","sticky":false,"template":"","format":"standard","meta":{"footnotes":""},"categories":[34],"tags":[],"_links":{"self":[{"href":"https:\/\/enlamira.info\/index.php\/wp-json\/wp\/v2\/posts\/2694"}],"collection":[{"href":"https:\/\/enlamira.info\/index.php\/wp-json\/wp\/v2\/posts"}],"about":[{"href":"https:\/\/enlamira.info\/index.php\/wp-json\/wp\/v2\/types\/post"}],"author":[{"embeddable":true,"href":"https:\/\/enlamira.info\/index.php\/wp-json\/wp\/v2\/users\/2"}],"replies":[{"embeddable":true,"href":"https:\/\/enlamira.info\/index.php\/wp-json\/wp\/v2\/comments?post=2694"}],"version-history":[{"count":1,"href":"https:\/\/enlamira.info\/index.php\/wp-json\/wp\/v2\/posts\/2694\/revisions"}],"predecessor-version":[{"id":2696,"href":"https:\/\/enlamira.info\/index.php\/wp-json\/wp\/v2\/posts\/2694\/revisions\/2696"}],"wp:featuredmedia":[{"embeddable":true,"href":"https:\/\/enlamira.info\/index.php\/wp-json\/wp\/v2\/media\/2695"}],"wp:attachment":[{"href":"https:\/\/enlamira.info\/index.php\/wp-json\/wp\/v2\/media?parent=2694"}],"wp:term":[{"taxonomy":"category","embeddable":true,"href":"https:\/\/enlamira.info\/index.php\/wp-json\/wp\/v2\/categories?post=2694"},{"taxonomy":"post_tag","embeddable":true,"href":"https:\/\/enlamira.info\/index.php\/wp-json\/wp\/v2\/tags?post=2694"}],"curies":[{"name":"wp","href":"https:\/\/api.w.org\/{rel}","templated":true}]}}