{"id":2690,"date":"2024-04-05T13:41:59","date_gmt":"2024-04-05T16:41:59","guid":{"rendered":"https:\/\/enlamira.info\/?p=2690"},"modified":"2024-04-05T21:19:42","modified_gmt":"2024-04-06T00:19:42","slug":"milei-sostuvo-que-descarto-la-dolarizacion-la-politica-nos-hubiera-mandado-a-la-carcel","status":"publish","type":"post","link":"https:\/\/enlamira.info\/index.php\/2024\/04\/05\/milei-sostuvo-que-descarto-la-dolarizacion-la-politica-nos-hubiera-mandado-a-la-carcel\/","title":{"rendered":"Milei sostuvo que descart\u00f3 la dolarizaci\u00f3n: \u201cla pol\u00edtica nos hubiera mandado a la c\u00e1rcel\u201d"},"content":{"rendered":"\n<p>Durante una entrevista con un medio internacional el Presidente habl\u00f3 una de sus principales promesas de campa\u00f1a y culp\u00f3 al populismo por dejar sueldos \u201cde miseria\u201d.<\/p>\n\n\n\n<p>En las \u00faltimas horas el presidente Javier Milei brind\u00f3 una entrevista a un medio internacional, en donde se refiri\u00f3 a una de sus principales promesas de campa\u00f1a y porque no pudo llevarla a cabo en sus primeros d\u00edas de gobierno. \u201cTen\u00edamos una estrategia para dolarizar, pero la pol\u00edtica nos hubiera mandado a la c\u00e1rcel\u201d, sentenci\u00f3.\u201cNosotros ten\u00edamos una estrategia para dolarizar que era tomar los activos del Banco Central contra el gobierno nacional, esos t\u00edtulos pasarlos a mercado y hacernos de d\u00f3lares\u2026 Y la realidad es que hubiera funcionado a la perfecci\u00f3n porque cuando nosotros llegamos los t\u00edtulos argentinos estaban en 18 d\u00f3lares y hoy est\u00e1n en torno a los 54\u201d, inici\u00f3 explicando el mandatario ante la agencia Bloomberg.En esa l\u00ednea a\u00f1adi\u00f3: \u201cHubiera sido una gesti\u00f3n muy exitosa, pero dada la construcci\u00f3n del sistema pol\u00edtico argentino, lo intelectualmente deshonestos que son los pol\u00edticos, es muy probable que si yo hubiera hecho esa operaci\u00f3n a precio de mercados, la pol\u00edtica hubiera dicho que ah\u00ed hubo una estafa, nos hubieran acusado de un negocio turbio y nos hubieran mandado a la c\u00e1rcel\u201d.<\/p>\n\n\n\n<p>\u201cNo es que no era factible hacerlo en t\u00e9rminos t\u00e9cnicos, nosotros inferimos que la pol\u00edtica iba a jugar sucio y es efectivamente lo que hace\u201d, enfatiz\u00f3 el jefe de Estado durante la charla. Asimismo, explic\u00f3 que el fuerte ajuste fiscal que se llev\u00f3 adelante a partir de su llegada a la presidencia fue \u201csin precedentes en la historia de la humanidad\u201d, con el fin de \u201csanear las cuentas p\u00fablicas e ir desmantelando lentamente los controles que pesan sobre el movimiento de capitales\u201d.Respecto a la cr\u00edtica de algunos sectores por la calma cambiaria y lo que se considera un tipo de cambio del d\u00f3lar oficial bajo, el libertario asegur\u00f3: \u201cNo tiene ning\u00fan sentido. Eso lo dicen algunos economistas locales y est\u00e1n equivocados; \u00bfpor qu\u00e9 yo tengo que hacer saltar el tipo de cambio hoy si el tipo de cambio libre paralelo coincide con el oficial? \u00bfQu\u00e9 tipo de estupidez es esa que tengo que hacer saltar el tipo de cambio cuando est\u00e1 alineado con el de mercado? Deber\u00edan ser m\u00e1s respetuosos de las decisiones de los individuos y no ser tan arrogantes\u201d.Por otro lado, Milei se refiri\u00f3 al tema que m\u00e1s afecta a los argentinos en estos momentos la inflaci\u00f3n que deriva en altos \u00edndices de pobreza e indigencia. \u201cHoy los salarios son miserables no por culpa nuestra, los salarios son miserables como consecuencia de 20 a\u00f1os de populismo\u201d, dijo al respecto.<\/p>\n\n\n\n<p>&#8221; Cuando usted toma el salario promedio de la d\u00e9cada del 90, hoy ser\u00eda de 3 mil d\u00f3lares. Nosotros estamos saneando el balance del Banco Central y en cuanto lo logremos ese nivel de precios se va a ir achicando porque la pendiente se reduce y la inflaci\u00f3n baja; por eso es important\u00edsimo sanear el Banco Central para que no exista esa presi\u00f3n\u201d, detall\u00f3 el l\u00edder de La Libertad Avanza.El titular del Ejecutivo nacional tambi\u00e9n se refiri\u00f3 a la suba abrupta de las tarifas de luz, gas y agua, que se autoriz\u00f3 en los \u00faltimos d\u00edas. \u201cCuando usted hace la recalibraci\u00f3n de tarifas, usted puede hacer todo de corto o lo puede repartir en el tiempo. Si nosotros lo hacemos torpemente como recomiendan algunos, el problema es que eso lo va a frenar la Corte Suprema de Justicia. Eso ya se lo hizo al gobierno de Mauricio Macri\u201d.\u201cNosotros terminamos recomponiendo la ecuaci\u00f3n financiera del contrato en tres a\u00f1os. Por eso hay subas en las tarifas que tienen distintos componentes y entre esos componentes est\u00e1 incluido el salario porque cuando la Argentina pegue la vuelta y suban los salarios, usted va a poder recomponer las tarifas mucho m\u00e1s f\u00e1cilmente\u201d, concluy\u00f3 el referente del liberalismo argentino.<\/p>\n","protected":false},"excerpt":{"rendered":"<p>Durante una entrevista con un medio internacional el Presidente habl\u00f3 una de sus principales promesas de campa\u00f1a y culp\u00f3 al populismo por dejar sueldos \u201cde miseria\u201d. En las \u00faltimas horas el presidente Javier Milei brind\u00f3 una entrevista a un medio internacional, en donde se refiri\u00f3 a una de sus principales promesas de campa\u00f1a y porque [&hellip;]<\/p>\n","protected":false},"author":2,"featured_media":2693,"comment_status":"open","ping_status":"open","sticky":false,"template":"","format":"standard","meta":{"footnotes":""},"categories":[20],"tags":[],"_links":{"self":[{"href":"https:\/\/enlamira.info\/index.php\/wp-json\/wp\/v2\/posts\/2690"}],"collection":[{"href":"https:\/\/enlamira.info\/index.php\/wp-json\/wp\/v2\/posts"}],"about":[{"href":"https:\/\/enlamira.info\/index.php\/wp-json\/wp\/v2\/types\/post"}],"author":[{"embeddable":true,"href":"https:\/\/enlamira.info\/index.php\/wp-json\/wp\/v2\/users\/2"}],"replies":[{"embeddable":true,"href":"https:\/\/enlamira.info\/index.php\/wp-json\/wp\/v2\/comments?post=2690"}],"version-history":[{"count":1,"href":"https:\/\/enlamira.info\/index.php\/wp-json\/wp\/v2\/posts\/2690\/revisions"}],"predecessor-version":[{"id":2691,"href":"https:\/\/enlamira.info\/index.php\/wp-json\/wp\/v2\/posts\/2690\/revisions\/2691"}],"wp:featuredmedia":[{"embeddable":true,"href":"https:\/\/enlamira.info\/index.php\/wp-json\/wp\/v2\/media\/2693"}],"wp:attachment":[{"href":"https:\/\/enlamira.info\/index.php\/wp-json\/wp\/v2\/media?parent=2690"}],"wp:term":[{"taxonomy":"category","embeddable":true,"href":"https:\/\/enlamira.info\/index.php\/wp-json\/wp\/v2\/categories?post=2690"},{"taxonomy":"post_tag","embeddable":true,"href":"https:\/\/enlamira.info\/index.php\/wp-json\/wp\/v2\/tags?post=2690"}],"curies":[{"name":"wp","href":"https:\/\/api.w.org\/{rel}","templated":true}]}}