{"id":2660,"date":"2024-04-04T11:37:31","date_gmt":"2024-04-04T14:37:31","guid":{"rendered":"https:\/\/enlamira.info\/?p=2660"},"modified":"2024-04-04T11:52:59","modified_gmt":"2024-04-04T14:52:59","slug":"paro-nacional-docente-marchan-al-congreso-y-se-suman-todas-las-provincias","status":"publish","type":"post","link":"https:\/\/enlamira.info\/index.php\/2024\/04\/04\/paro-nacional-docente-marchan-al-congreso-y-se-suman-todas-las-provincias\/","title":{"rendered":"Paro nacional docente: marchan al Congreso y se suman todas las provincias"},"content":{"rendered":"\n<p>La medida afecta a escuelas p\u00fablicas y se sumaron los universitarios. Es en reclamo por la suba del salario m\u00ednimo, las jubilaciones y los fondos educativos.<\/p>\n\n\n\n<p>Este jueves los\u00a0docentes de todo el pa\u00eds realizaran huelga y movilizaciones\u00a0convocados por CTERA. La medida es por la\u00a0quita de fondos\u00a0para la educaci\u00f3n como el FONID y el\u00a0aumento de los salarios y las jubilaciones.<\/p>\n\n\n\n<p>\u201cSon fondos nacionales para los que estaban asignadas las partidas en el presupuesto. El Gobierno hab\u00eda confirmado que los enviar\u00eda en las reuniones de la paritaria nacional, pero\u00a0a\u00fan no lleg\u00f3 nada a las provincias. El \u00fanico fondo nacional que s\u00ed se envi\u00f3 es el de la quinta hora de clase, y algo para evaluaci\u00f3n\u201d, sostuvo\u00a0Sonia Alesso, secretaria general de CTERA.<\/p>\n\n\n\n<p>En cuanto a los salarios, la negociaci\u00f3n todav\u00eda no esta cerrada y la propuesta del Gobierno fue\u00a0un piso de $325.000, la cual fue rechazada.<\/p>\n\n\n\n<p>El vocero presidencial,\u00a0Manuel Adorni, sostuvo que se\u00a0descontar\u00e1 el d\u00eda\u00a0a aquellos docentes que adhieran al paro, pero es una decisi\u00f3n que solo puede ser tomada a nivel provincial.<\/p>\n\n\n\n<p>\u201cConsideramos que el camino que corresponde es que se descuente el d\u00eda a quienes adhieran al paro porque son jornadas no trabajadas. En este sentido, queremos remarcar que\u00a0los alumnos no deben ser rehenes de un conflicto sindical. Por eso, creemos que las jurisdicciones deben arbitrar los medios necesarios para evitar esta situaci\u00f3n y sostenemos que el descuento del d\u00eda no trabajado es una herramienta v\u00e1lida\u201d, aseguraron fuentes del Ministerio de Educaci\u00f3n.<\/p>\n\n\n\n<p><strong>Movilizaci\u00f3n<\/strong><\/p>\n\n\n\n<p>La marcha central ser\u00e1 este jueves a las 10.30\u00a0de la ma\u00f1ana en el centro porte\u00f1o, sobre la\u00a0Avenida Rivadavia y Rinc\u00f3n. Tambi\u00e9n habr\u00e1 una fuerte manifestaci\u00f3n en\u00a0Neuqu\u00e9n, provincia de donde era oriundo y donde fue asesinado un 4 de abril el maestro\u00a0Carlos Fuentealba.<\/p>\n\n\n\n<p>A nivel universitario\u00a0tambi\u00e9n convocaron a una \u201cjornada nacional de lucha en defensa del salario y la universidad p\u00fablica\u201d. Los gremios docentes de la UBA y ATE Conicet realizar\u00e1n un\u00a0banderazo a las 13.30 en Plaza Houssay, frente a la Facultad de Medicina de la Universidad de Buenos Aires.<\/p>\n","protected":false},"excerpt":{"rendered":"<p>La medida afecta a escuelas p\u00fablicas y se sumaron los universitarios. Es en reclamo por la suba del salario m\u00ednimo, las jubilaciones y los fondos educativos. Este jueves los\u00a0docentes de todo el pa\u00eds realizaran huelga y movilizaciones\u00a0convocados por CTERA. La medida es por la\u00a0quita de fondos\u00a0para la educaci\u00f3n como el FONID y el\u00a0aumento de los [&hellip;]<\/p>\n","protected":false},"author":2,"featured_media":2663,"comment_status":"open","ping_status":"open","sticky":false,"template":"","format":"standard","meta":{"footnotes":""},"categories":[34],"tags":[],"_links":{"self":[{"href":"https:\/\/enlamira.info\/index.php\/wp-json\/wp\/v2\/posts\/2660"}],"collection":[{"href":"https:\/\/enlamira.info\/index.php\/wp-json\/wp\/v2\/posts"}],"about":[{"href":"https:\/\/enlamira.info\/index.php\/wp-json\/wp\/v2\/types\/post"}],"author":[{"embeddable":true,"href":"https:\/\/enlamira.info\/index.php\/wp-json\/wp\/v2\/users\/2"}],"replies":[{"embeddable":true,"href":"https:\/\/enlamira.info\/index.php\/wp-json\/wp\/v2\/comments?post=2660"}],"version-history":[{"count":1,"href":"https:\/\/enlamira.info\/index.php\/wp-json\/wp\/v2\/posts\/2660\/revisions"}],"predecessor-version":[{"id":2661,"href":"https:\/\/enlamira.info\/index.php\/wp-json\/wp\/v2\/posts\/2660\/revisions\/2661"}],"wp:featuredmedia":[{"embeddable":true,"href":"https:\/\/enlamira.info\/index.php\/wp-json\/wp\/v2\/media\/2663"}],"wp:attachment":[{"href":"https:\/\/enlamira.info\/index.php\/wp-json\/wp\/v2\/media?parent=2660"}],"wp:term":[{"taxonomy":"category","embeddable":true,"href":"https:\/\/enlamira.info\/index.php\/wp-json\/wp\/v2\/categories?post=2660"},{"taxonomy":"post_tag","embeddable":true,"href":"https:\/\/enlamira.info\/index.php\/wp-json\/wp\/v2\/tags?post=2660"}],"curies":[{"name":"wp","href":"https:\/\/api.w.org\/{rel}","templated":true}]}}