{"id":262,"date":"2024-03-04T17:24:42","date_gmt":"2024-03-04T20:24:42","guid":{"rendered":"https:\/\/enlamira.info\/?p=262"},"modified":"2024-03-04T17:44:39","modified_gmt":"2024-03-04T20:44:39","slug":"tras-la-pelea-con-los-gobernadores-luis-caputo-quedo-a-cargo-de-los-fondos-fiduciarios","status":"publish","type":"post","link":"https:\/\/enlamira.info\/index.php\/2024\/03\/04\/tras-la-pelea-con-los-gobernadores-luis-caputo-quedo-a-cargo-de-los-fondos-fiduciarios\/","title":{"rendered":"Tras la pelea con los gobernadores, Luis Caputo qued\u00f3 a cargo de los fondos fiduciarios"},"content":{"rendered":"\n<p>El ministro de Econom\u00eda suma poder en su rol al quedarse con el control de los recursos que se destinan a las provincias y que forman parte primordial del plan de ajuste que lleva adelante el Gobierno nacional.<\/p>\n\n\n\n<p>Mientras el presidente\u00a0Javier Milei,\u00a0busca reconciliarse con los gobernadores tras la pelea por el recorte de la coparticipaci\u00f3n, convocando al \u201cPacto del 25 de Mayo\u201d, otorga el control de los fondos fiduciarios al ministro de Econom\u00eda,\u00a0Luis Caputo, que ser\u00e1 el encargado de realizar una auditor\u00eda y recorte en el sector.<\/p>\n\n\n\n<p>As\u00ed lo dispuso el jefe de Estado, a trav\u00e9s del\u00a0Decreto 215\/2024, en donde coloca al Palacio de Hacienda \u201ccomo fiduciante en representaci\u00f3n del ESTADO NACIONAL, en todos los fondos fiduciarios integrados total o parcialmente con bienes y\/o fondos del ESTADO NACIONAL, ejerciendo en ese car\u00e1cter la direcci\u00f3n y conducci\u00f3n de dichos fondos fiduciarios\u201d, indica el texto<\/p>\n\n\n\n<p>\u201cEn los casos en los que el H. CONGRESO DE LA NACI\u00d3N haya designado como fiduciante a un organismo o repartici\u00f3n espec\u00edfica diferente del MINISTERIO DE ECONOM\u00cdA, o a un comit\u00e9 de integraci\u00f3n plural, con car\u00e1cter previo al dictado de\u00a0cualquier instrucci\u00f3n al fiduciario deber\u00e1 emitir opini\u00f3n el citado Ministerio\u201d, agrega el decreto publicado en el\u00a0Bolet\u00edn Oficial.<\/p>\n\n\n\n<p>De este modo, Caputo ser\u00e1 el encargado de revisar la dispersi\u00f3n de las partidas presupuestarias destinadas a las provincias y contar\u00e1 con \u201cun plazo de 60 d\u00edas para realizar una auditor\u00eda integral de gesti\u00f3n de los fondos fiduciarios\u00a0integrados total o parcialmente con bienes y\/o\u00a0fondos del Estado Nacional\u201d, reza el documento.<\/p>\n\n\n\n<p>Adem\u00e1s, en el decreto que lleva las firmas\u00a0del Presidente, del ex funcionario de\u00a0Mauricio Macri\u00a0y el jefe de Gabinete,\u00a0Nicol\u00e1s Posse, se anuncia que la cartera econ\u00f3mica podr\u00e1 efectuar contrataciones que resulten necesarias con el fin de dar cumplimiento a lo dispuesto.<\/p>\n\n\n\n<p>Vale destacar que los fondos fiduciarios son uno de los ejes de ajuste m\u00e1s importantes para el gobierno libertario, ya que representan una gran porci\u00f3n del presupuesto nacional, tan s\u00f3lo en el 2023, 16 de ellos recibieron m\u00e1s de 1.000 millones de d\u00f3lares\u00a0sin ning\u00fan control de parte de la administraci\u00f3n de\u00a0Alberto Fern\u00e1ndez,\u00a0por lo que se han colocado en la mira de Caputo.<\/p>\n","protected":false},"excerpt":{"rendered":"<p>El ministro de Econom\u00eda suma poder en su rol al quedarse con el control de los recursos que se destinan a las provincias y que forman parte primordial del plan de ajuste que lleva adelante el Gobierno nacional. Mientras el presidente\u00a0Javier Milei,\u00a0busca reconciliarse con los gobernadores tras la pelea por el recorte de la coparticipaci\u00f3n, [&hellip;]<\/p>\n","protected":false},"author":2,"featured_media":264,"comment_status":"open","ping_status":"open","sticky":false,"template":"","format":"standard","meta":{"footnotes":""},"categories":[22],"tags":[],"_links":{"self":[{"href":"https:\/\/enlamira.info\/index.php\/wp-json\/wp\/v2\/posts\/262"}],"collection":[{"href":"https:\/\/enlamira.info\/index.php\/wp-json\/wp\/v2\/posts"}],"about":[{"href":"https:\/\/enlamira.info\/index.php\/wp-json\/wp\/v2\/types\/post"}],"author":[{"embeddable":true,"href":"https:\/\/enlamira.info\/index.php\/wp-json\/wp\/v2\/users\/2"}],"replies":[{"embeddable":true,"href":"https:\/\/enlamira.info\/index.php\/wp-json\/wp\/v2\/comments?post=262"}],"version-history":[{"count":1,"href":"https:\/\/enlamira.info\/index.php\/wp-json\/wp\/v2\/posts\/262\/revisions"}],"predecessor-version":[{"id":263,"href":"https:\/\/enlamira.info\/index.php\/wp-json\/wp\/v2\/posts\/262\/revisions\/263"}],"wp:featuredmedia":[{"embeddable":true,"href":"https:\/\/enlamira.info\/index.php\/wp-json\/wp\/v2\/media\/264"}],"wp:attachment":[{"href":"https:\/\/enlamira.info\/index.php\/wp-json\/wp\/v2\/media?parent=262"}],"wp:term":[{"taxonomy":"category","embeddable":true,"href":"https:\/\/enlamira.info\/index.php\/wp-json\/wp\/v2\/categories?post=262"},{"taxonomy":"post_tag","embeddable":true,"href":"https:\/\/enlamira.info\/index.php\/wp-json\/wp\/v2\/tags?post=262"}],"curies":[{"name":"wp","href":"https:\/\/api.w.org\/{rel}","templated":true}]}}