{"id":2607,"date":"2024-04-03T18:06:19","date_gmt":"2024-04-03T21:06:19","guid":{"rendered":"https:\/\/enlamira.info\/?p=2607"},"modified":"2024-04-03T18:06:36","modified_gmt":"2024-04-03T21:06:36","slug":"ni-messi-ni-el-dibu-mascherano-ya-tiene-a-su-primer-elegido-de-la-seleccion-argentina-para-los-juegos-olimpicos","status":"publish","type":"post","link":"https:\/\/enlamira.info\/index.php\/2024\/04\/03\/ni-messi-ni-el-dibu-mascherano-ya-tiene-a-su-primer-elegido-de-la-seleccion-argentina-para-los-juegos-olimpicos\/","title":{"rendered":"Ni Messi ni el Dibu: Mascherano ya tiene a su primer elegido de la Selecci\u00f3n Argentina para los Juegos Ol\u00edmpicos"},"content":{"rendered":"\n<p>El Jefecito pens\u00f3 en un candidato para ocupar un cupo de mayores en el combinado Sub-23<\/p>\n\n\n\n<p>Despu\u00e9s de que finalice la\u00a0Copa\u00a0Am\u00e9rica\u00a02024, tendr\u00e1 su lugar el inicio de los\u00a0Juegos\u00a0Ol\u00edmpicos\u00a0de\u00a0Par\u00eds, donde la\u00a0Selecci\u00f3n\u00a0Argentina\u00a0Sub-23, bajo la conducci\u00f3n de\u00a0Javier\u00a0Mascherano, buscar\u00e1 obtener la tan ansiada medalla de oro.<\/p>\n\n\n\n<p>Mucho se habl\u00f3 sobre\u00a0el sue\u00f1o de que Lionel Messi pueda formar parte de la cita ol\u00edmpica\u00a0como uno de los futbolistas mayores de 23 a\u00f1os permitidos, as\u00ed como tambi\u00e9n se mencionaron Emiliano Mart\u00ednez, \u00c1ngel Di Mar\u00eda, Rodrigo De Paul, Cristian Romero, entre otros.<\/p>\n\n\n\n<p>De todas maneras,\u00a0todav\u00eda falta para saber con exactitud qui\u00e9n puede llegar a ser citado por el Jefecito\u00a0ya que hay que tener en cuenta muchos factores para que esto se pueda dar, aunque\u00a0en las \u00faltimas horas se conoci\u00f3 el primer elegido que tendr\u00eda el DT.<\/p>\n\n\n\n<p>Seg\u00fan la informaci\u00f3n que brind\u00f3 Hern\u00e1n Castillo,\u00a0Mascherano tiene decidido convocar a Nicol\u00e1s Otamendi\u00a0para la cita ol\u00edmpica de Par\u00eds, dado que, de los mayores que se est\u00e1n barajando, es la opci\u00f3n m\u00e1s viable.<\/p>\n\n\n\n<p>Obviamente, adem\u00e1s\u00a0sigue en pie el deseo de que Messi pueda participar, pero por el momento no hubo certezas en cuanto a las posibilidades concretas que tendr\u00e1 el Diez.<\/p>\n","protected":false},"excerpt":{"rendered":"<p>El Jefecito pens\u00f3 en un candidato para ocupar un cupo de mayores en el combinado Sub-23 Despu\u00e9s de que finalice la\u00a0Copa\u00a0Am\u00e9rica\u00a02024, tendr\u00e1 su lugar el inicio de los\u00a0Juegos\u00a0Ol\u00edmpicos\u00a0de\u00a0Par\u00eds, donde la\u00a0Selecci\u00f3n\u00a0Argentina\u00a0Sub-23, bajo la conducci\u00f3n de\u00a0Javier\u00a0Mascherano, buscar\u00e1 obtener la tan ansiada medalla de oro. Mucho se habl\u00f3 sobre\u00a0el sue\u00f1o de que Lionel Messi pueda formar parte de [&hellip;]<\/p>\n","protected":false},"author":2,"featured_media":2609,"comment_status":"open","ping_status":"open","sticky":false,"template":"","format":"standard","meta":{"footnotes":""},"categories":[14],"tags":[],"_links":{"self":[{"href":"https:\/\/enlamira.info\/index.php\/wp-json\/wp\/v2\/posts\/2607"}],"collection":[{"href":"https:\/\/enlamira.info\/index.php\/wp-json\/wp\/v2\/posts"}],"about":[{"href":"https:\/\/enlamira.info\/index.php\/wp-json\/wp\/v2\/types\/post"}],"author":[{"embeddable":true,"href":"https:\/\/enlamira.info\/index.php\/wp-json\/wp\/v2\/users\/2"}],"replies":[{"embeddable":true,"href":"https:\/\/enlamira.info\/index.php\/wp-json\/wp\/v2\/comments?post=2607"}],"version-history":[{"count":1,"href":"https:\/\/enlamira.info\/index.php\/wp-json\/wp\/v2\/posts\/2607\/revisions"}],"predecessor-version":[{"id":2608,"href":"https:\/\/enlamira.info\/index.php\/wp-json\/wp\/v2\/posts\/2607\/revisions\/2608"}],"wp:featuredmedia":[{"embeddable":true,"href":"https:\/\/enlamira.info\/index.php\/wp-json\/wp\/v2\/media\/2609"}],"wp:attachment":[{"href":"https:\/\/enlamira.info\/index.php\/wp-json\/wp\/v2\/media?parent=2607"}],"wp:term":[{"taxonomy":"category","embeddable":true,"href":"https:\/\/enlamira.info\/index.php\/wp-json\/wp\/v2\/categories?post=2607"},{"taxonomy":"post_tag","embeddable":true,"href":"https:\/\/enlamira.info\/index.php\/wp-json\/wp\/v2\/tags?post=2607"}],"curies":[{"name":"wp","href":"https:\/\/api.w.org\/{rel}","templated":true}]}}