{"id":2551,"date":"2024-04-03T13:26:09","date_gmt":"2024-04-03T16:26:09","guid":{"rendered":"https:\/\/enlamira.info\/?p=2551"},"modified":"2024-04-03T13:26:39","modified_gmt":"2024-04-03T16:26:39","slug":"la-advertencia-de-patricia-bullrich-a-los-manifestantes-de-ate-vamos-a-recuperar-la-calle","status":"publish","type":"post","link":"https:\/\/enlamira.info\/index.php\/2024\/04\/03\/la-advertencia-de-patricia-bullrich-a-los-manifestantes-de-ate-vamos-a-recuperar-la-calle\/","title":{"rendered":"La advertencia de Patricia Bullrich a los manifestantes de ATE: \u201cVamos a recuperar la calle\u201d"},"content":{"rendered":"\n<p>Mientras el sindicato protesta frente a los edificios p\u00fablicos ante los m\u00e1s de 11.000 contratos no renovados en los \u00faltimos d\u00edas, la ministra de Seguridad anticip\u00f3 que har\u00e1 una evaluaci\u00f3n de la jornada de protesta y al finalizar el d\u00eda, resolver\u00e1 con su equipo si llevar\u00e1 al gremio a tribunales<\/p>\n\n\n\n<p>Amenaza de juicio: \u201cLo decidiremos, depende del final del d\u00eda\u201d\u201cEst\u00e1 todo saliendo bien. Vamos cumpliendo los objetivos\u201d, afirm\u00f3 la ministra de Seguridad, Patricia Bullrich mientras monitorea el operativo de seguridad para evitar que ATE concrete la protesta de ingresar masivamente a las oficinas del Estado despu\u00e9s de la ola de despidos.\u201cLo decidiremos, depende del final del d\u00eda\u201d, asegur\u00f3 la funcionaria cercana a Milei, que sigue el minuto a minuto del reclamo que tuvo picos de tensi\u00f3n con forcejeos en el ingreso del INADI.Por su parte, el secretario general del gremio de estatales ATE, Rodolfo Aguiar, critic\u00f3 en su cuenta de X: \u201cEst\u00e1n llenando de polic\u00edas las dependencias p\u00fablicas. No hay plata para comprar comida, no hay plata para comprar remedios, pero si hay plata para reprimir\u201d.Y continu\u00f3: \u201cPusieron de secretario de Trabajo (Julio Cordero) a un gerente de recursos humanos de uno de los grupos econ\u00f3micos m\u00e1s poderosos. El gobierno de Javier Milei decidi\u00f3 tercerizar el ajuste. \u00a1Pero les vamos a dar pelea y se la vamos a sacar!\u201d.<\/p>\n\n\n\n<p>Tensi\u00f3n en el INADI<\/p>\n\n\n\n<p>Los primeros momentos de tensi\u00f3n se vivieron en la sede del Inadi, minutos despu\u00e9s de las 10, el grupo de trabajadores despedidos lograron vencer la valla policial que hab\u00edan formado un grupo de agentes y lograron ingresar al edificio.La misma situaci\u00f3n se vive en otros edificios donde funcionan distintas dependencias estatales.<\/p>\n\n\n\n<p>Hoy mi\u00e9rcoles ser\u00e1 un d\u00eda clave en los gremios luego de la decisi\u00f3n de Javier Milei de achicar el Estado y no renovar contratos en las distintas oficinas del Gobierno. Tanto la CGT como ATE entraron en fuerte tensi\u00f3n con la administraci\u00f3n libertaria.La huelgaLa Asociaci\u00f3n de Trabajadores del Estado comenz\u00f3 la huelga y protestas desde la ma\u00f1ana a ra\u00edz de los 11 mil contratos que el Gobierno decidi\u00f3 no renovar y empezaron a ocupar distintos edificios p\u00fablicos. Por la tarde podr\u00eda definirse un paro con marchas para esta semana.\u201cDesde las 9, en todos los ministerios habr\u00e1 presencia de los trabajadores en forma masiva para ocupar sus lugares y dejar en evidencia que es el Gobierno el que act\u00faa al margen de la ley\u201d, sostuvo Rodolfo Aguiar, titular de ATE, quien en sus redes sociales denunci\u00f3 que el gobierno de Javier Milei \u201cest\u00e1 llenando de polic\u00edas las dependencias p\u00fablicas\u201d.<\/p>\n\n\n\n<p>El gremialista, sostuvo que la c\u00fapula del sindicato ir\u00e1 hac\u00eda la Secretar\u00eda de Trabajo, donde seg\u00fan inform\u00f3 \u201ces uno de los lugares con mayor cantidad de despedidos, 523 sobre un total de 11.000 que se registraron en todo el pa\u00eds\u201d.\u201cVamos a hacer una asamblea afuera de la Secretar\u00eda de Trabajo y pueden pasar dos cosas -anticip\u00f3 el dirigente gremial-. Que el edificio est\u00e9 bloqueado y vallado, con seguridad adentro, o que no exista ese operativo, con lo cual se ingresar\u00e1 masivamente y se ocupar\u00e1n los lugares de trabajo\u201d, detall\u00f3 Aguiar.El Ministerio de Seguridad comandando por Patricia Bullrich inform\u00f3 que evitar\u00e1 la toma de edificios p\u00fablicos con un comando unificado de las fuerzas federales.Por su parte, desde la CGT, se inform\u00f3 que habr\u00e1 una reuni\u00f3n en Moreno 1332, sede de UPCN, donde de deliberar\u00e1 sin agenda para \u201canalizar, coordinar y seguir consensuando\u201d y si bien est\u00e1 en la mesa un nuevo paro general a la administraci\u00f3n de Milei, hoy no se pondr\u00e1 fecha.<\/p>\n\n\n\n<p><\/p>\n","protected":false},"excerpt":{"rendered":"<p>Mientras el sindicato protesta frente a los edificios p\u00fablicos ante los m\u00e1s de 11.000 contratos no renovados en los \u00faltimos d\u00edas, la ministra de Seguridad anticip\u00f3 que har\u00e1 una evaluaci\u00f3n de la jornada de protesta y al finalizar el d\u00eda, resolver\u00e1 con su equipo si llevar\u00e1 al gremio a tribunales Amenaza de juicio: \u201cLo decidiremos, [&hellip;]<\/p>\n","protected":false},"author":2,"featured_media":2553,"comment_status":"open","ping_status":"open","sticky":false,"template":"","format":"standard","meta":{"footnotes":""},"categories":[20],"tags":[],"_links":{"self":[{"href":"https:\/\/enlamira.info\/index.php\/wp-json\/wp\/v2\/posts\/2551"}],"collection":[{"href":"https:\/\/enlamira.info\/index.php\/wp-json\/wp\/v2\/posts"}],"about":[{"href":"https:\/\/enlamira.info\/index.php\/wp-json\/wp\/v2\/types\/post"}],"author":[{"embeddable":true,"href":"https:\/\/enlamira.info\/index.php\/wp-json\/wp\/v2\/users\/2"}],"replies":[{"embeddable":true,"href":"https:\/\/enlamira.info\/index.php\/wp-json\/wp\/v2\/comments?post=2551"}],"version-history":[{"count":2,"href":"https:\/\/enlamira.info\/index.php\/wp-json\/wp\/v2\/posts\/2551\/revisions"}],"predecessor-version":[{"id":2554,"href":"https:\/\/enlamira.info\/index.php\/wp-json\/wp\/v2\/posts\/2551\/revisions\/2554"}],"wp:featuredmedia":[{"embeddable":true,"href":"https:\/\/enlamira.info\/index.php\/wp-json\/wp\/v2\/media\/2553"}],"wp:attachment":[{"href":"https:\/\/enlamira.info\/index.php\/wp-json\/wp\/v2\/media?parent=2551"}],"wp:term":[{"taxonomy":"category","embeddable":true,"href":"https:\/\/enlamira.info\/index.php\/wp-json\/wp\/v2\/categories?post=2551"},{"taxonomy":"post_tag","embeddable":true,"href":"https:\/\/enlamira.info\/index.php\/wp-json\/wp\/v2\/tags?post=2551"}],"curies":[{"name":"wp","href":"https:\/\/api.w.org\/{rel}","templated":true}]}}