{"id":2537,"date":"2024-04-02T15:06:01","date_gmt":"2024-04-02T18:06:01","guid":{"rendered":"https:\/\/enlamira.info\/?p=2537"},"modified":"2024-04-02T15:07:49","modified_gmt":"2024-04-02T18:07:49","slug":"caba-se-fugaron-otros-dos-detenidos-que-por-la-sobrepoblacion-estaban-en-un-vestuario-reacondicionado","status":"publish","type":"post","link":"https:\/\/enlamira.info\/index.php\/2024\/04\/02\/caba-se-fugaron-otros-dos-detenidos-que-por-la-sobrepoblacion-estaban-en-un-vestuario-reacondicionado\/","title":{"rendered":"CABA: se fugaron otros dos detenidos que por la sobrepoblaci\u00f3n estaban en un vestuario reacondicionado"},"content":{"rendered":"\n<p>Este domingo ya se hab\u00edan escapado nueve presos de una comisar\u00eda de San Telmo, de los cuales s\u00f3lo dos fueron recapturados.Una nueva fuga de presos sacude a la Ciudad de Buenos Aires, esta vez en el barrio de Balvanera.\u00a0<\/p>\n\n\n\n<p>Dos\u00a0detenidos\u00a0escaparon\u00a0violentando una reja del calabozo\u00a0en la alcaid\u00eda de la Comisar\u00eda Vecinal 3A, ubicada en Lavalle al 2600. Este hecho se produce apenas un d\u00eda despu\u00e9s de la\u00a0fuga de nueve presos en San Telmo. El Gobierno de la Ciudad abog\u00f3 por m\u00e1s traslados al Servicio Penitenciario Federal debido a la superpoblaci\u00f3n en los calabozos porte\u00f1os.<\/p>\n\n\n\n<p>El escape fue descubierto al mediod\u00eda cuando un subcomisario solicit\u00f3 una requisa en los calabozos y se percataron de la ausencia de dos detenidos. Las autoridades informaron que los presos hab\u00edan violentado una reja del calabozo, que\u00a0anteriormente funcionaba como vestuario de la dependencia. Estas fugas ocurren en un contexto de superpoblaci\u00f3n carcelaria, donde el Servicio Penitenciario Federal se ha negado a aceptar presos de la Ciudad durante m\u00e1s de cuatro a\u00f1os.<\/p>\n\n\n\n<p>El secretario de Seguridad y jefe de la Polic\u00eda de Ciudad, Diego Kravetz, explic\u00f3 que se\u00a0han pactado traslados semanales al SPF para aliviar la situaci\u00f3n, pero la cantidad de\u00a0detenidos\u00a0que ingresan diariamente supera ampliamente la capacidad de traslado. En este escenario, cada semana salen 120 presos, pero ingresan 574. La velocidad de los traslados pactados con el gobierno nacional no satisface las necesidades locales.<\/p>\n\n\n\n<p>Los fugados fueron identificados como\u00a0Gabriel \u00c1ngel Ramos, de 27 a\u00f1os, y Miguel Eduardo Escobar, de 41. Tras violentar la reja del calabozo, los pr\u00f3fugos pasaron al patio interno de un comercio lindero de telas, seg\u00fan relat\u00f3 el encargado del establecimiento, quien afirm\u00f3 no haber notado movimientos extra\u00f1os durante el d\u00eda.<\/p>\n","protected":false},"excerpt":{"rendered":"<p>Este domingo ya se hab\u00edan escapado nueve presos de una comisar\u00eda de San Telmo, de los cuales s\u00f3lo dos fueron recapturados.Una nueva fuga de presos sacude a la Ciudad de Buenos Aires, esta vez en el barrio de Balvanera.\u00a0 Dos\u00a0detenidos\u00a0escaparon\u00a0violentando una reja del calabozo\u00a0en la alcaid\u00eda de la Comisar\u00eda Vecinal 3A, ubicada en Lavalle al [&hellip;]<\/p>\n","protected":false},"author":2,"featured_media":2540,"comment_status":"open","ping_status":"open","sticky":false,"template":"","format":"standard","meta":{"footnotes":""},"categories":[32],"tags":[],"_links":{"self":[{"href":"https:\/\/enlamira.info\/index.php\/wp-json\/wp\/v2\/posts\/2537"}],"collection":[{"href":"https:\/\/enlamira.info\/index.php\/wp-json\/wp\/v2\/posts"}],"about":[{"href":"https:\/\/enlamira.info\/index.php\/wp-json\/wp\/v2\/types\/post"}],"author":[{"embeddable":true,"href":"https:\/\/enlamira.info\/index.php\/wp-json\/wp\/v2\/users\/2"}],"replies":[{"embeddable":true,"href":"https:\/\/enlamira.info\/index.php\/wp-json\/wp\/v2\/comments?post=2537"}],"version-history":[{"count":2,"href":"https:\/\/enlamira.info\/index.php\/wp-json\/wp\/v2\/posts\/2537\/revisions"}],"predecessor-version":[{"id":2541,"href":"https:\/\/enlamira.info\/index.php\/wp-json\/wp\/v2\/posts\/2537\/revisions\/2541"}],"wp:featuredmedia":[{"embeddable":true,"href":"https:\/\/enlamira.info\/index.php\/wp-json\/wp\/v2\/media\/2540"}],"wp:attachment":[{"href":"https:\/\/enlamira.info\/index.php\/wp-json\/wp\/v2\/media?parent=2537"}],"wp:term":[{"taxonomy":"category","embeddable":true,"href":"https:\/\/enlamira.info\/index.php\/wp-json\/wp\/v2\/categories?post=2537"},{"taxonomy":"post_tag","embeddable":true,"href":"https:\/\/enlamira.info\/index.php\/wp-json\/wp\/v2\/tags?post=2537"}],"curies":[{"name":"wp","href":"https:\/\/api.w.org\/{rel}","templated":true}]}}