{"id":247,"date":"2024-03-04T17:19:43","date_gmt":"2024-03-04T20:19:43","guid":{"rendered":"https:\/\/enlamira.info\/?p=247"},"modified":"2024-03-04T17:47:59","modified_gmt":"2024-03-04T20:47:59","slug":"pese-a-las-promesas-de-milei-un-funcionario-clave-en-el-fraude-de-los-seguros-continua-en-su-cargo","status":"publish","type":"post","link":"https:\/\/enlamira.info\/index.php\/2024\/03\/04\/pese-a-las-promesas-de-milei-un-funcionario-clave-en-el-fraude-de-los-seguros-continua-en-su-cargo\/","title":{"rendered":"Pese a las promesas de Milei, un funcionario clave en el fraude de los seguros contin\u00faa en su cargo"},"content":{"rendered":"\n<p>Lo denunci\u00f3 la abogada Mart\u00ednez quien present\u00f3 la demanda contra Alberto Fern\u00e1ndez y el ex titular de la firma Naci\u00f3n Seguros, Alberto Pagliano.<\/p>\n\n\n\n<p>Este viernes, en el\u00a0discurso\u00a0de apertura de las sesiones ordinarias ante el Congreso, el presidente\u00a0Javier\u00a0Milei\u00a0hizo referencia al entramado de negociados con los seguros oficiales, tras\u00a0la denuncia\u00a0presentada por la abogada\u00a0Silvina Mart\u00ednez\u00a0contra\u00a0Alberto Fern\u00e1ndez y Alberto Pagliano\u00a0basada en una investigaci\u00f3n period\u00edstica publicad por el diario Clar\u00edn, en donde se detalla una maniobra de 20.000 millones de pesos anuales y 300 millones en comisiones mensuales con los seguros y las comisiones de los intermediarios dentro de la\u00a0ANSES.<\/p>\n\n\n\n<p>Luego de la demanda judicial realizada por la\u00a0Oficina Anticorrupci\u00f3n, el ex presidente de la Naci\u00f3n,\u00a0Alberto Fern\u00e1ndez\u00a0y su amigo el\u00a0<em>broker<\/em>\u00a0de seguros,\u00a0H\u00e9ctor Mart\u00ednez Sosa\u00a0y el ex titular de la firma\u00a0Naci\u00f3n Seguros,\u00a0Alberto Pagliano, fueron imputados en la causa que investiga la presunta comisi\u00f3n de los delitos de incumplimiento de los\u00a0deberes de funcionario\u00a0p\u00fablico y malversaci\u00f3n de fondos.<\/p>\n\n\n\n<p>Si bien las palabras del actual mandatario causaron gran repercusi\u00f3n,\u00a0Mart\u00ednez\u00a0se mostr\u00f3 sorprendida por la falta de impulso del actual Gobierno a la causa que investiga la Justicia y por la continuidad en Naci\u00f3n Seguros de uno de los ejecutivos que habr\u00eda hecho de \u201cenlace\u201d con los \u201cbrokers\u201d involucrados en las supuestas maniobras.<\/p>\n\n\n\n<p>El funcionario\u00a0Mauro Tanos, que en la gesti\u00f3n\u00a0Fern\u00e1ndez\u00a0era gerente del \u00e1rea comercial de Oficinas y Organismos P\u00fablicos de esta firma del Banco Naci\u00f3n, en las \u00faltimas semanas pas\u00f3 a desempe\u00f1arse como gerente general de la misma.<\/p>\n\n\n\n<p>\u201cLlama la atenci\u00f3n la continuidad de este funcionario. El Presidente hizo una referencia al caso pero viene lento el aporte de documentaci\u00f3n y el impulso a la causa, como tambi\u00e9n ocurre con los manejos de los fondos fiduciarios. Reci\u00e9n despu\u00e9s de presentar esta denuncia contra A. Fern\u00e1ndez, interviene la OA. Hay cierta pasividad oficial\u201d, explic\u00f3 la abogada Mart\u00ednez. Es que considera que el Estado cuenta con un caudal de informaci\u00f3n suficiente para detectar eventuales irregularidades.<\/p>\n\n\n\n<p>Este lunes, el Ministerio de Capital Humano, por su parte, realiz\u00f3 una presentaci\u00f3n que abarca los delitos de fraude a la administraci\u00f3n p\u00fablica, abuso de autoridad y de los deberes de funcionario p\u00fablico, negociaciones incompatibles con el ejercicio de la funci\u00f3n p\u00fablica, tr\u00e1fico de influencias y malversaci\u00f3n de caudales p\u00fablicos, seg\u00fan lo anunci\u00f3 el vocero presidencial,\u00a0Manuel Adorni, en conferencia de prensa en Casa Rosada.<\/p>\n\n\n\n<p>Durante la\u00a0gesti\u00f3n\u00a0de Alberto Fern\u00e1ndez, las obras sociales sindicales recibieron un total de USD 5.500 millones en reintegros y subsidios, seg\u00fan datos revelados por la Unidad de Datos de\u00a0<em>Infobae<\/em>.<\/p>\n\n\n\n<p>Estos fondos, provenientes del Fondo Solidario de Redistribuci\u00f3n manejado por la Superintendencia de Servicios de Salud, fueron destinados a 291 entidades para compensar tratamientos complejos, medicamentos costosos y prestaciones por discapacidad. Sin embargo,\u00a0el viernes 1 de marzo comenz\u00f3 a regir la libre elecci\u00f3n para los trabajadores, permiti\u00e9ndoles seleccionar el prestador de servicios de salud de su preferencia, lo que gener\u00f3 un nuevo frente de conflicto con la\u00a0CGT.<\/p>\n","protected":false},"excerpt":{"rendered":"<p>Lo denunci\u00f3 la abogada Mart\u00ednez quien present\u00f3 la demanda contra Alberto Fern\u00e1ndez y el ex titular de la firma Naci\u00f3n Seguros, Alberto Pagliano. Este viernes, en el\u00a0discurso\u00a0de apertura de las sesiones ordinarias ante el Congreso, el presidente\u00a0Javier\u00a0Milei\u00a0hizo referencia al entramado de negociados con los seguros oficiales, tras\u00a0la denuncia\u00a0presentada por la abogada\u00a0Silvina Mart\u00ednez\u00a0contra\u00a0Alberto Fern\u00e1ndez y Alberto [&hellip;]<\/p>\n","protected":false},"author":2,"featured_media":249,"comment_status":"open","ping_status":"open","sticky":false,"template":"","format":"standard","meta":{"footnotes":""},"categories":[20],"tags":[],"_links":{"self":[{"href":"https:\/\/enlamira.info\/index.php\/wp-json\/wp\/v2\/posts\/247"}],"collection":[{"href":"https:\/\/enlamira.info\/index.php\/wp-json\/wp\/v2\/posts"}],"about":[{"href":"https:\/\/enlamira.info\/index.php\/wp-json\/wp\/v2\/types\/post"}],"author":[{"embeddable":true,"href":"https:\/\/enlamira.info\/index.php\/wp-json\/wp\/v2\/users\/2"}],"replies":[{"embeddable":true,"href":"https:\/\/enlamira.info\/index.php\/wp-json\/wp\/v2\/comments?post=247"}],"version-history":[{"count":2,"href":"https:\/\/enlamira.info\/index.php\/wp-json\/wp\/v2\/posts\/247\/revisions"}],"predecessor-version":[{"id":251,"href":"https:\/\/enlamira.info\/index.php\/wp-json\/wp\/v2\/posts\/247\/revisions\/251"}],"wp:featuredmedia":[{"embeddable":true,"href":"https:\/\/enlamira.info\/index.php\/wp-json\/wp\/v2\/media\/249"}],"wp:attachment":[{"href":"https:\/\/enlamira.info\/index.php\/wp-json\/wp\/v2\/media?parent=247"}],"wp:term":[{"taxonomy":"category","embeddable":true,"href":"https:\/\/enlamira.info\/index.php\/wp-json\/wp\/v2\/categories?post=247"},{"taxonomy":"post_tag","embeddable":true,"href":"https:\/\/enlamira.info\/index.php\/wp-json\/wp\/v2\/tags?post=247"}],"curies":[{"name":"wp","href":"https:\/\/api.w.org\/{rel}","templated":true}]}}