{"id":2462,"date":"2024-04-01T15:59:31","date_gmt":"2024-04-01T18:59:31","guid":{"rendered":"https:\/\/enlamira.info\/?p=2462"},"modified":"2024-04-01T16:08:09","modified_gmt":"2024-04-01T19:08:09","slug":"diez-gobernadores-confirmaron-su-asistencia-a-casa-rosada-y-llevaran-su-lista-de-reclamos-al-gobierno","status":"publish","type":"post","link":"https:\/\/enlamira.info\/index.php\/2024\/04\/01\/diez-gobernadores-confirmaron-su-asistencia-a-casa-rosada-y-llevaran-su-lista-de-reclamos-al-gobierno\/","title":{"rendered":"Diez gobernadores confirmaron su asistencia a Casa Rosada y llevaran su lista de reclamos al Gobierno"},"content":{"rendered":"\n<p>El encuentro ser\u00e1 este jueves con el ministro del Interior, Guillermo Francos. Desde Juntos por el Cambio siguen de cerca el recorte de partidas para cajas previsionales provinciales, que el oficialismo se encarg\u00f3 de negar.<\/p>\n\n\n\n<p>Son diez los\u00a0gobernadores\u00a0de Juntos por el Cambio que\u00a0confirmaron\u00a0asistencia a la convocatoria del ministro del Interior,\u00a0Guillermo\u00a0Francos, a la Casa Rosada este jueves. El punto central del encuentro ser\u00e1 ratificar el apoyo a la nueva\u00a0Ley \u00d3mnibus, al mega DNU\u00a0del presidente\u00a0Javier Milei\u00a0y asegurar la continuidad del\u00a0Pacto\u00a0de Mayo\u00a0que plante\u00f3 el Presidente en la apertura de las sesiones ordinarias.<\/p>\n\n\n\n<p>Pero tambi\u00e9n, los mandatarios provinciales llevar\u00e1n una larga lista de reclamos, que incluir\u00e1 la compensaci\u00f3n por la quita del Impuesto Ganancias y el debate por su reversi\u00f3n, y la coparticipaci\u00f3n del Impuesto al Cheque comprometida en el Pacto Fiscal de 2017, entre otros.<\/p>\n\n\n\n<p>Por otro lado, en las \u00faltimas horas por el\u00a0recorte de partidas para cajas previsionales provinciales, que el Gobierno nacional desminti\u00f3, volvi\u00f3 a tensar la relaci\u00f3n con los jefes provinciales. El tema tambi\u00e9n ser\u00e1 llevado a la mesa de debate en medio de un clima de incertidumbre. Desde Juntos no amenazan con romper sus v\u00ednculos, pero siguen la cuesti\u00f3n de cerca.<\/p>\n\n\n\n<p>Originalmente, Francos hab\u00eda pautado una reuni\u00f3n con gobernadores del PRO y de fuerzas provinciales para la semana pasada, pero por \u201cproblemas de agenda\u201d la reprogram\u00f3 para este jueves y cambi\u00f3 la convocatoria. Esta vez ser\u00e1n de la partida los diez mandatarios provinciales que pertenecen a JxC, incluidos los radicales que hab\u00edan quedado afuera de la primera lista.<\/p>\n\n\n\n<p>Se reunir\u00e1n con Francos el jefe de Gobierno porte\u00f1o, Jorge Macri, y los gobernadores de Corrientes,\u00a0Gustavo Vald\u00e9s; de Chaco, Leandro Zdero; de Chubut, Ignacio Torres; de Entre R\u00edos, Rogelio Frigerio; de Jujuy, Carlos Sadir; de Mendoza, Alfredo Cornejo; de San Luis, Claudio Poggi; de San Juan, Marcelo Orrego, y de Santa Fe, Maximiliano Pullaro.<\/p>\n\n\n\n<p>El ministro del Interior,\u00a0Guillermo Francos, decidi\u00f3 postergar para el 4 de abril la\u00a0reuni\u00f3n\u00a0con\u00a0gobernadores del PRO y de fuerzas provinciales\u00a0que estaba previsto para este lunes. El objetivo es aprovechar el tiempo extra para\u00a0avanzar\u00a0en las negociaciones que le permitan blindar los apoyos a la nueva\u00a0Ley\u00a0\u00d3mnibus\u00a0en el\u00a0Congreso\u00a0y para evitar que el mega DNU de\u00a0Javier Milei, que fue rechazado por el Senado, fracase tambi\u00e9n en la C\u00e1mara de Diputados.<\/p>\n\n\n\n<p>La nueva estrategia oficial difiere de la que se hab\u00eda trazado en enero, cuando se envi\u00f3 al Congreso un megaproyecto de\u00a0600 art\u00edculos, que result\u00f3 en un complicado proceso de negociaci\u00f3n y votaci\u00f3n. Esta vez, se espera llegar al Congreso con un proyecto nuevo de unos 200 art\u00edculos y con un s\u00f3lido consenso con los bloques aliados y los gobernadores.<\/p>\n\n\n\n<p>Tras las reuniones con los bloques de la\u00a0oposici\u00f3n\u00a0dialoguista, ahora el foco est\u00e1 en los gobernadores, a quienes se planea convocar para avanzar en el acuerdo. Para ello, el Gobierno distribuy\u00f3 \u201cborradores\u201d de las dos iniciativas (la \u201cley Bases bis\u201d y la \u201cLey de Medidas Fiscales Paliativas y Relevantes\u201d) entre las bancadas aliadas y los mandatarios provinciales.<\/p>\n\n\n\n<p>El encuentro estaba pautado para este lunes a las 15:30, pero el oficialismo lo posterg\u00f3 para despu\u00e9s del fin de semana largo. Adem\u00e1s de\u00a0Francos, el jefe de Gabinete,\u00a0Nicol\u00e1s Posse, tambi\u00e9n encabezar\u00eda la reuni\u00f3n.<\/p>\n","protected":false},"excerpt":{"rendered":"<p>El encuentro ser\u00e1 este jueves con el ministro del Interior, Guillermo Francos. Desde Juntos por el Cambio siguen de cerca el recorte de partidas para cajas previsionales provinciales, que el oficialismo se encarg\u00f3 de negar. Son diez los\u00a0gobernadores\u00a0de Juntos por el Cambio que\u00a0confirmaron\u00a0asistencia a la convocatoria del ministro del Interior,\u00a0Guillermo\u00a0Francos, a la Casa Rosada este [&hellip;]<\/p>\n","protected":false},"author":2,"featured_media":2465,"comment_status":"open","ping_status":"open","sticky":false,"template":"","format":"standard","meta":{"footnotes":""},"categories":[20],"tags":[],"_links":{"self":[{"href":"https:\/\/enlamira.info\/index.php\/wp-json\/wp\/v2\/posts\/2462"}],"collection":[{"href":"https:\/\/enlamira.info\/index.php\/wp-json\/wp\/v2\/posts"}],"about":[{"href":"https:\/\/enlamira.info\/index.php\/wp-json\/wp\/v2\/types\/post"}],"author":[{"embeddable":true,"href":"https:\/\/enlamira.info\/index.php\/wp-json\/wp\/v2\/users\/2"}],"replies":[{"embeddable":true,"href":"https:\/\/enlamira.info\/index.php\/wp-json\/wp\/v2\/comments?post=2462"}],"version-history":[{"count":2,"href":"https:\/\/enlamira.info\/index.php\/wp-json\/wp\/v2\/posts\/2462\/revisions"}],"predecessor-version":[{"id":2466,"href":"https:\/\/enlamira.info\/index.php\/wp-json\/wp\/v2\/posts\/2462\/revisions\/2466"}],"wp:featuredmedia":[{"embeddable":true,"href":"https:\/\/enlamira.info\/index.php\/wp-json\/wp\/v2\/media\/2465"}],"wp:attachment":[{"href":"https:\/\/enlamira.info\/index.php\/wp-json\/wp\/v2\/media?parent=2462"}],"wp:term":[{"taxonomy":"category","embeddable":true,"href":"https:\/\/enlamira.info\/index.php\/wp-json\/wp\/v2\/categories?post=2462"},{"taxonomy":"post_tag","embeddable":true,"href":"https:\/\/enlamira.info\/index.php\/wp-json\/wp\/v2\/tags?post=2462"}],"curies":[{"name":"wp","href":"https:\/\/api.w.org\/{rel}","templated":true}]}}