{"id":23322,"date":"2026-09-05T22:47:07","date_gmt":"2026-09-06T01:47:07","guid":{"rendered":"https:\/\/enlamira.info\/?p=23322"},"modified":"2026-09-05T22:47:07","modified_gmt":"2026-09-06T01:47:07","slug":"orgullo-de-avellaneda-alumnos-de-la-escuela-n-70-de-sarandi-destacaron-en-la-feria-provincial-de-ciencias-con-un-proyecto-sobre-la-saladita","status":"publish","type":"post","link":"https:\/\/enlamira.info\/index.php\/2026\/09\/05\/orgullo-de-avellaneda-alumnos-de-la-escuela-n-70-de-sarandi-destacaron-en-la-feria-provincial-de-ciencias-con-un-proyecto-sobre-la-saladita\/","title":{"rendered":"Orgullo de Avellaneda: alumnos de la Escuela N\u00b0 70 de Sarand\u00ed destacaron en la Feria Provincial de Ciencias con un proyecto sobre La Saladita"},"content":{"rendered":"\n<p><strong>Un grupo de estudiantes de la Escuela Primaria N\u00b0 70 &#8220;Juana Azurduy&#8221;, impulsados por la docente Paola Yanina Romero, lleg\u00f3 a la 53\u00b0 Feria de Educaci\u00f3n, Artes, Ciencias y Tecnolog\u00eda en Santa Clara del Mar tras desarrollar una destacada investigaci\u00f3n hist\u00f3rica sobre la emblem\u00e1tica laguna La Saladita de Sarand\u00ed. El proyecto, que incluy\u00f3 la realizaci\u00f3n de un documental audiovisual, fue elogiado p\u00fablicamente por la Subsecretar\u00eda de Educaci\u00f3n bonaerense durante el acto de clausura del certamen provincial.<\/strong><\/p>\n\n\n\n<figure class=\"wp-block-image size-full\"><img loading=\"lazy\" decoding=\"async\" width=\"600\" height=\"800\" src=\"https:\/\/enlamira.info\/wp-content\/uploads\/2026\/09\/1194e9b0-3476-4dc0-9ca7-5f6aed03273a.jpg\" alt=\"\" class=\"wp-image-23323\" srcset=\"https:\/\/enlamira.info\/wp-content\/uploads\/2026\/09\/1194e9b0-3476-4dc0-9ca7-5f6aed03273a.jpg 600w, https:\/\/enlamira.info\/wp-content\/uploads\/2026\/09\/1194e9b0-3476-4dc0-9ca7-5f6aed03273a-225x300.jpg 225w\" sizes=\"(max-width: 600px) 100vw, 600px\" \/><\/figure>\n\n\n\n<p>Lo que comenz\u00f3 como una inquietud \u00e1ulica de la mano de la maestra Paola Yanina Romero termin\u00f3 convirti\u00e9ndose en una valiosa experiencia de indagaci\u00f3n y pertenencia local para los alumnos de la EP N\u00b0 70 de Sarand\u00ed. A trav\u00e9s de rigurosos m\u00e9todos de investigaci\u00f3n hist\u00f3rica y trabajo de campo, los chicos se adentraron en los or\u00edgenes de la ciudad de Avellaneda, la identidad de la localidad de Sarand\u00ed y las distintas teor\u00edas que explican el particular nombre de la laguna La Saladita, uno de los espejos de agua m\u00e1s caracter\u00edsticos del distrito.<\/p>\n\n\n\n<figure class=\"wp-block-image size-full\"><img loading=\"lazy\" decoding=\"async\" width=\"600\" height=\"800\" src=\"https:\/\/enlamira.info\/wp-content\/uploads\/2026\/09\/4313b068-0b0e-498f-be18-0d782f1625f2.jpg\" alt=\"\" class=\"wp-image-23324\" srcset=\"https:\/\/enlamira.info\/wp-content\/uploads\/2026\/09\/4313b068-0b0e-498f-be18-0d782f1625f2.jpg 600w, https:\/\/enlamira.info\/wp-content\/uploads\/2026\/09\/4313b068-0b0e-498f-be18-0d782f1625f2-225x300.jpg 225w\" sizes=\"(max-width: 600px) 100vw, 600px\" \/><\/figure>\n\n\n\n<p>El fruto de esa labor colectiva se plasm\u00f3 en un documental que recupera testimonios, archivos e hip\u00f3tesis sobre el patrimonio natural y cultural del barrio. Gracias a la solidez de la investigaci\u00f3n y a la pasi\u00f3n volcada por los estudiantes, el trabajo super\u00f3 las instancias distritales y regionales hasta obtener el merecido pase a la 53\u00b0 Feria Provincial de Educaci\u00f3n, Artes, Ciencias y Tecnolog\u00eda, celebrada en la localidad balnearia de Santa Clara del Mar, partido de Mar Chiquita.<\/p>\n\n\n\n<figure class=\"wp-block-image size-full\"><img loading=\"lazy\" decoding=\"async\" width=\"600\" height=\"800\" src=\"https:\/\/enlamira.info\/wp-content\/uploads\/2026\/09\/76480581-7485-478e-ba4b-a97c57aab459.jpg\" alt=\"\" class=\"wp-image-23325\" srcset=\"https:\/\/enlamira.info\/wp-content\/uploads\/2026\/09\/76480581-7485-478e-ba4b-a97c57aab459.jpg 600w, https:\/\/enlamira.info\/wp-content\/uploads\/2026\/09\/76480581-7485-478e-ba4b-a97c57aab459-225x300.jpg 225w\" sizes=\"(max-width: 600px) 100vw, 600px\" \/><\/figure>\n\n\n\n<p>La labor de los chicos de Sarand\u00ed traspas\u00f3 los estands del certamen y reson\u00f3 de manera especial en el escenario principal. Durante el discurso de cierre del evento, la Subsecretaria de Educaci\u00f3n de la Provincia de Buenos Aires, Claudia Bracchi, dedic\u00f3 unas emotivas palabras al proyecto de la Escuela N\u00b0 70, remarcando el entusiasmo con el que los alumnos explicaron la historia de su comunidad.<\/p>\n\n\n\n<p>Textualmente, la funcionaria provincial expres\u00f3 en su discurso:<\/p>\n\n\n\n<blockquote class=\"wp-block-quote\">\n<p><em>&#8220;Estoy conmovida con las explicaciones de ustedes, conmovida de c\u00f3mo me explicaban la laguna de Avellaneda y c\u00f3mo o por qu\u00e9 se llama Sarand\u00ed tal o cual \u00e1rbol. Estoy conmovida porque me explicaron c\u00f3mo investigaron la historia reciente&#8230;&#8221;<\/em><\/p>\n<cite>https:\/\/www.youtube.com\/live\/s_iIK35zF0A?si=yG3vJCwnVXAxd-s3&amp;t=1396<\/cite><\/blockquote>\n\n\n\n<p>El reconocimiento institucional refrenda el valor de la educaci\u00f3n p\u00fablica como motor de investigaci\u00f3n, memoria colectiva y construcci\u00f3n de identidad en los barrios. La participaci\u00f3n de la delegaci\u00f3n de Sarand\u00ed no solo dej\u00f3 bien en alto el nombre de Avellaneda en el encuentro cient\u00edfico y educativo m\u00e1s importante de la provincia, sino que demostr\u00f3 c\u00f3mo el compromiso docente y la curiosidad juvenil pueden transformar el estudio de la historia local en una verdadera aventura de aprendizaje.<\/p>\n\n\n\n<p>MIR\u00c1 EL DOCUMENTAL<\/p>\n\n\n\n<figure class=\"wp-block-embed is-type-video is-provider-youtube wp-block-embed-youtube wp-embed-aspect-4-3 wp-has-aspect-ratio\"><div class=\"wp-block-embed__wrapper\">\n<iframe loading=\"lazy\" title=\"AVELLANEDA: INFORME LAGUNA LA SALADITA, POR ALUMNOS DE LA ESCUELA NRO 70 DE SARAND\u00cd\" width=\"640\" height=\"480\" src=\"https:\/\/www.youtube.com\/embed\/GPX7i5eeeJQ?feature=oembed\" frameborder=\"0\" allow=\"accelerometer; autoplay; clipboard-write; encrypted-media; gyroscope; picture-in-picture; web-share\" referrerpolicy=\"strict-origin-when-cross-origin\" allowfullscreen><\/iframe>\n<\/div><\/figure>\n","protected":false},"excerpt":{"rendered":"<p>Un grupo de estudiantes de la Escuela Primaria N\u00b0 70 &#8220;Juana Azurduy&#8221;, impulsados por la docente Paola Yanina Romero, lleg\u00f3 a la 53\u00b0 Feria de Educaci\u00f3n, Artes, Ciencias y Tecnolog\u00eda en Santa Clara del Mar tras desarrollar una destacada investigaci\u00f3n hist\u00f3rica sobre la emblem\u00e1tica laguna La Saladita de Sarand\u00ed. El proyecto, que incluy\u00f3 la realizaci\u00f3n [&hellip;]<\/p>\n","protected":false},"author":1,"featured_media":23326,"comment_status":"open","ping_status":"open","sticky":false,"template":"","format":"standard","meta":{"footnotes":""},"categories":[1,5,34],"tags":[2405],"_links":{"self":[{"href":"https:\/\/enlamira.info\/index.php\/wp-json\/wp\/v2\/posts\/23322"}],"collection":[{"href":"https:\/\/enlamira.info\/index.php\/wp-json\/wp\/v2\/posts"}],"about":[{"href":"https:\/\/enlamira.info\/index.php\/wp-json\/wp\/v2\/types\/post"}],"author":[{"embeddable":true,"href":"https:\/\/enlamira.info\/index.php\/wp-json\/wp\/v2\/users\/1"}],"replies":[{"embeddable":true,"href":"https:\/\/enlamira.info\/index.php\/wp-json\/wp\/v2\/comments?post=23322"}],"version-history":[{"count":1,"href":"https:\/\/enlamira.info\/index.php\/wp-json\/wp\/v2\/posts\/23322\/revisions"}],"predecessor-version":[{"id":23327,"href":"https:\/\/enlamira.info\/index.php\/wp-json\/wp\/v2\/posts\/23322\/revisions\/23327"}],"wp:featuredmedia":[{"embeddable":true,"href":"https:\/\/enlamira.info\/index.php\/wp-json\/wp\/v2\/media\/23326"}],"wp:attachment":[{"href":"https:\/\/enlamira.info\/index.php\/wp-json\/wp\/v2\/media?parent=23322"}],"wp:term":[{"taxonomy":"category","embeddable":true,"href":"https:\/\/enlamira.info\/index.php\/wp-json\/wp\/v2\/categories?post=23322"},{"taxonomy":"post_tag","embeddable":true,"href":"https:\/\/enlamira.info\/index.php\/wp-json\/wp\/v2\/tags?post=23322"}],"curies":[{"name":"wp","href":"https:\/\/api.w.org\/{rel}","templated":true}]}}