{"id":23310,"date":"2026-09-05T22:13:20","date_gmt":"2026-09-06T01:13:20","guid":{"rendered":"https:\/\/enlamira.info\/?p=23310"},"modified":"2026-09-05T22:13:20","modified_gmt":"2026-09-06T01:13:20","slug":"el-puente-del-terror-en-villa-dominico-deterioro-extremo-remiendos-e-inseguridad-en-el-acceso-sudeste","status":"publish","type":"post","link":"https:\/\/enlamira.info\/index.php\/2026\/09\/05\/el-puente-del-terror-en-villa-dominico-deterioro-extremo-remiendos-e-inseguridad-en-el-acceso-sudeste\/","title":{"rendered":"El &#8220;puente del terror&#8221; en Villa Dom\u00ednico: deterioro extremo, remiendos e inseguridad en el Acceso Sudeste"},"content":{"rendered":"\n<p><strong>La pasarela peatonal ubicada en la intersecci\u00f3n del Acceso Sudeste y Cazassa se encuentra en un estado cr\u00edtico que mantiene en vilo a los vecinos del barrio. A m\u00e1s de una d\u00e9cada del violento siniestro vial que provoc\u00f3 su colapso total, las promesas de una reconstrucci\u00f3n integral jam\u00e1s se cumplieron y las soluciones se redujeron a parches provisorios. Hoy, el cruce presenta escalones hundidos, chapas oxidadas y faltantes de estructura, lo que convierte cada paso en un riesgo constante de caer al vac\u00edo sobre un asfalto donde circulan miles de veh\u00edculos a gran velocidad.<\/strong><\/p>\n\n\n\n<figure class=\"wp-block-image size-large\"><img loading=\"lazy\" decoding=\"async\" width=\"576\" height=\"1024\" src=\"https:\/\/enlamira.info\/wp-content\/uploads\/2026\/09\/photo_4965718742872558763_y-576x1024.jpg\" alt=\"\" class=\"wp-image-23311\" srcset=\"https:\/\/enlamira.info\/wp-content\/uploads\/2026\/09\/photo_4965718742872558763_y-576x1024.jpg 576w, https:\/\/enlamira.info\/wp-content\/uploads\/2026\/09\/photo_4965718742872558763_y-169x300.jpg 169w, https:\/\/enlamira.info\/wp-content\/uploads\/2026\/09\/photo_4965718742872558763_y.jpg 720w\" sizes=\"(max-width: 576px) 100vw, 576px\" \/><\/figure>\n\n\n\n<p>La historia de esta infraestructura qued\u00f3 marcada en abril de 2015, cuando un <a href=\"https:\/\/www.lanacion.com.ar\/buenos-aires\/un-puente-peatonal-cayo-en-el-acceso-sudeste-tras-el-choque-de-un-camion-nid1786160\/\">violento choque destruy\u00f3 por completo las columnas de soporte del puente sobre la calzada mano a Capital Federal.<\/a> Aquel operativo de remoci\u00f3n demand\u00f3 m\u00e1s de doce horas de trabajo e interrumpi\u00f3 de forma absoluta el tr\u00e1nsito en la zona. Sin embargo, en lugar de reemplazar la traza por una obra moderna y segura, el paso fue emparchado una y otra vez. El paso del tiempo, el uso diario ininterrumpido y las severas inclemencias clim\u00e1ticas terminaron por desgastar a\u00fan m\u00e1s las precarias soldaduras de planchuela, generando aberturas visibles donde literalmente falta un trozo de puente a los costados.<\/p>\n\n\n\n<figure class=\"wp-block-image size-full\"><img loading=\"lazy\" decoding=\"async\" width=\"974\" height=\"547\" src=\"https:\/\/enlamira.info\/wp-content\/uploads\/2026\/09\/photo_4965718742872558776_y.jpg\" alt=\"\" class=\"wp-image-23312\" srcset=\"https:\/\/enlamira.info\/wp-content\/uploads\/2026\/09\/photo_4965718742872558776_y.jpg 974w, https:\/\/enlamira.info\/wp-content\/uploads\/2026\/09\/photo_4965718742872558776_y-300x168.jpg 300w, https:\/\/enlamira.info\/wp-content\/uploads\/2026\/09\/photo_4965718742872558776_y-768x431.jpg 768w\" sizes=\"(max-width: 974px) 100vw, 974px\" \/><\/figure>\n\n\n\n<figure class=\"wp-block-image size-large\"><img loading=\"lazy\" decoding=\"async\" width=\"1024\" height=\"575\" src=\"https:\/\/enlamira.info\/wp-content\/uploads\/2026\/09\/photo_4965718742872558778_w-1024x575.jpg\" alt=\"\" class=\"wp-image-23313\" srcset=\"https:\/\/enlamira.info\/wp-content\/uploads\/2026\/09\/photo_4965718742872558778_w-1024x575.jpg 1024w, https:\/\/enlamira.info\/wp-content\/uploads\/2026\/09\/photo_4965718742872558778_w-300x169.jpg 300w, https:\/\/enlamira.info\/wp-content\/uploads\/2026\/09\/photo_4965718742872558778_w-768x431.jpg 768w, https:\/\/enlamira.info\/wp-content\/uploads\/2026\/09\/photo_4965718742872558778_w.jpg 1351w\" sizes=\"(max-width: 1024px) 100vw, 1024px\" \/><\/figure>\n\n\n\n<figure class=\"wp-block-image size-full\"><img loading=\"lazy\" decoding=\"async\" width=\"974\" height=\"547\" src=\"https:\/\/enlamira.info\/wp-content\/uploads\/2026\/09\/photo_4965718742872558777_y.jpg\" alt=\"\" class=\"wp-image-23314\" srcset=\"https:\/\/enlamira.info\/wp-content\/uploads\/2026\/09\/photo_4965718742872558777_y.jpg 974w, https:\/\/enlamira.info\/wp-content\/uploads\/2026\/09\/photo_4965718742872558777_y-300x168.jpg 300w, https:\/\/enlamira.info\/wp-content\/uploads\/2026\/09\/photo_4965718742872558777_y-768x431.jpg 768w\" sizes=\"(max-width: 974px) 100vw, 974px\" \/><\/figure>\n\n\n\n<figure class=\"wp-block-video\"><video controls src=\"https:\/\/enlamira.info\/wp-content\/uploads\/2026\/09\/document_4965718742412560733.mp4\"><\/video><\/figure>\n\n\n\n<p>A la grave falla estructural se le suma un panorama desgarrador sobre la seguridad ciudadana en los alrededores de la zona del pasaje Las Lajas. Vecinos de la comunidad denuncian que la pasarela es &#8220;tierra de nadie&#8221;, agravada por el estado de abandono, los crecidos pastizales de los m\u00e1rgenes y la presencia constante de grupos de delincuentes que acechan a los peatones. Esta combinaci\u00f3n de miedo al asalto y p\u00e1nico al derrumbe ha llevado a que muchas familias eviten el puente y prefieran cruzar la calzada del Acceso Sudeste a pie, arriesgando sus vidas al esquivar autom\u00f3viles a gran velocidad, una imprudencia que ya se ha cobrado varias v\u00edctimas fatales en el sector.<\/p>\n\n\n\n<figure class=\"wp-block-video\"><video controls src=\"https:\/\/enlamira.info\/wp-content\/uploads\/2026\/09\/document_4965718742412560732.mp4\"><\/video><\/figure>\n\n\n\n<p>Las im\u00e1genes registradas en el lugar reflejan el estado de indefensi\u00f3n al que est\u00e1n expuestos los habitantes que dependen de este paso para realizar sus actividades cotidianas. Escalones hundidos, estructuras deformadas por peque\u00f1os focos de fuego y rejas destruidas conforman el paisaje diario de una pasarela bautizada ir\u00f3nicamente por los j\u00f3venes del barrio como la &#8220;escalera camino al cielo&#8221;. Pese a eventuales e insuficientes tareas de mantenimiento de desmalezado en las inmediaciones, las cuadrillas se retiran sin reportar el da\u00f1o evidente en la plataforma ni ofrecer una respuesta concreta a los reclamos vecinales.<\/p>\n\n\n\n<figure class=\"wp-block-image size-large\"><img loading=\"lazy\" decoding=\"async\" width=\"1024\" height=\"768\" src=\"https:\/\/enlamira.info\/wp-content\/uploads\/2026\/09\/photo_4965718742872558764_y-1024x768.jpg\" alt=\"\" class=\"wp-image-23316\" srcset=\"https:\/\/enlamira.info\/wp-content\/uploads\/2026\/09\/photo_4965718742872558764_y-1024x768.jpg 1024w, https:\/\/enlamira.info\/wp-content\/uploads\/2026\/09\/photo_4965718742872558764_y-300x225.jpg 300w, https:\/\/enlamira.info\/wp-content\/uploads\/2026\/09\/photo_4965718742872558764_y-768x576.jpg 768w, https:\/\/enlamira.info\/wp-content\/uploads\/2026\/09\/photo_4965718742872558764_y.jpg 1280w\" sizes=\"(max-width: 1024px) 100vw, 1024px\" \/><\/figure>\n\n\n\n<figure class=\"wp-block-image size-large\"><img loading=\"lazy\" decoding=\"async\" width=\"768\" height=\"1024\" src=\"https:\/\/enlamira.info\/wp-content\/uploads\/2026\/09\/photo_4965718742872558772_y-768x1024.jpg\" alt=\"\" class=\"wp-image-23317\" srcset=\"https:\/\/enlamira.info\/wp-content\/uploads\/2026\/09\/photo_4965718742872558772_y-768x1024.jpg 768w, https:\/\/enlamira.info\/wp-content\/uploads\/2026\/09\/photo_4965718742872558772_y-225x300.jpg 225w, https:\/\/enlamira.info\/wp-content\/uploads\/2026\/09\/photo_4965718742872558772_y.jpg 960w\" sizes=\"(max-width: 768px) 100vw, 768px\" \/><\/figure>\n\n\n\n<figure class=\"wp-block-image size-large\"><img loading=\"lazy\" decoding=\"async\" width=\"768\" height=\"1024\" src=\"https:\/\/enlamira.info\/wp-content\/uploads\/2026\/09\/photo_4965718742872558770_y-768x1024.jpg\" alt=\"\" class=\"wp-image-23318\" srcset=\"https:\/\/enlamira.info\/wp-content\/uploads\/2026\/09\/photo_4965718742872558770_y-768x1024.jpg 768w, https:\/\/enlamira.info\/wp-content\/uploads\/2026\/09\/photo_4965718742872558770_y-225x300.jpg 225w, https:\/\/enlamira.info\/wp-content\/uploads\/2026\/09\/photo_4965718742872558770_y.jpg 960w\" sizes=\"(max-width: 768px) 100vw, 768px\" \/><\/figure>\n\n\n\n<figure class=\"wp-block-image size-large\"><img loading=\"lazy\" decoding=\"async\" width=\"768\" height=\"1024\" src=\"https:\/\/enlamira.info\/wp-content\/uploads\/2026\/09\/photo_4965718742872558767_y-768x1024.jpg\" alt=\"\" class=\"wp-image-23319\" srcset=\"https:\/\/enlamira.info\/wp-content\/uploads\/2026\/09\/photo_4965718742872558767_y-768x1024.jpg 768w, https:\/\/enlamira.info\/wp-content\/uploads\/2026\/09\/photo_4965718742872558767_y-225x300.jpg 225w, https:\/\/enlamira.info\/wp-content\/uploads\/2026\/09\/photo_4965718742872558767_y.jpg 960w\" sizes=\"(max-width: 768px) 100vw, 768px\" \/><\/figure>\n\n\n\n<p>El reclamo de la comunidad de Villa Dom\u00ednico exige una intervenci\u00f3n urgente de las autoridades viales y municipales antes de que la estructura ceda por completo o se produzca una nueva tragedia evitable. Los frentistas solicitan el reemplazo definitivo de la pasarela y la puesta en marcha de un plan integral de iluminaci\u00f3n, patrullaje y mantenimiento en ambos extremos del acceso, para devolverle la seguridad y la dignidad a un barrio que no quiere seguir conviviendo con el peligro sobre sus cabezas.<\/p>\n","protected":false},"excerpt":{"rendered":"<p>La pasarela peatonal ubicada en la intersecci\u00f3n del Acceso Sudeste y Cazassa se encuentra en un estado cr\u00edtico que mantiene en vilo a los vecinos del barrio. A m\u00e1s de una d\u00e9cada del violento siniestro vial que provoc\u00f3 su colapso total, las promesas de una reconstrucci\u00f3n integral jam\u00e1s se cumplieron y las soluciones se redujeron [&hellip;]<\/p>\n","protected":false},"author":1,"featured_media":23311,"comment_status":"open","ping_status":"open","sticky":false,"template":"","format":"standard","meta":{"footnotes":""},"categories":[1,4,32,20,5,34],"tags":[2403,2404],"_links":{"self":[{"href":"https:\/\/enlamira.info\/index.php\/wp-json\/wp\/v2\/posts\/23310"}],"collection":[{"href":"https:\/\/enlamira.info\/index.php\/wp-json\/wp\/v2\/posts"}],"about":[{"href":"https:\/\/enlamira.info\/index.php\/wp-json\/wp\/v2\/types\/post"}],"author":[{"embeddable":true,"href":"https:\/\/enlamira.info\/index.php\/wp-json\/wp\/v2\/users\/1"}],"replies":[{"embeddable":true,"href":"https:\/\/enlamira.info\/index.php\/wp-json\/wp\/v2\/comments?post=23310"}],"version-history":[{"count":1,"href":"https:\/\/enlamira.info\/index.php\/wp-json\/wp\/v2\/posts\/23310\/revisions"}],"predecessor-version":[{"id":23321,"href":"https:\/\/enlamira.info\/index.php\/wp-json\/wp\/v2\/posts\/23310\/revisions\/23321"}],"wp:featuredmedia":[{"embeddable":true,"href":"https:\/\/enlamira.info\/index.php\/wp-json\/wp\/v2\/media\/23311"}],"wp:attachment":[{"href":"https:\/\/enlamira.info\/index.php\/wp-json\/wp\/v2\/media?parent=23310"}],"wp:term":[{"taxonomy":"category","embeddable":true,"href":"https:\/\/enlamira.info\/index.php\/wp-json\/wp\/v2\/categories?post=23310"},{"taxonomy":"post_tag","embeddable":true,"href":"https:\/\/enlamira.info\/index.php\/wp-json\/wp\/v2\/tags?post=23310"}],"curies":[{"name":"wp","href":"https:\/\/api.w.org\/{rel}","templated":true}]}}