{"id":23301,"date":"2026-09-05T13:35:01","date_gmt":"2026-09-05T16:35:01","guid":{"rendered":"https:\/\/enlamira.info\/?p=23301"},"modified":"2026-09-05T13:35:01","modified_gmt":"2026-09-05T16:35:01","slug":"el-ex-primer-ministro-britanico-boris-johnson-pidio-enviar-mas-tropas-a-las-islas-malvinas","status":"publish","type":"post","link":"https:\/\/enlamira.info\/index.php\/2026\/09\/05\/el-ex-primer-ministro-britanico-boris-johnson-pidio-enviar-mas-tropas-a-las-islas-malvinas\/","title":{"rendered":"El ex primer ministro brit\u00e1nico Boris Johnson pidi\u00f3 enviar m\u00e1s tropas a las Islas Malvinas"},"content":{"rendered":"\n<p>El exmandatario cuestion\u00f3 al presidente Javier Milei por apelar al nacionalismo pensando en las elecciones de 2027.<\/p>\n\n\n\n<figure class=\"wp-block-image\"><img decoding=\"async\" src=\"https:\/\/www.nexofin.com\/archivos\/2026\/09\/el-primer-ministro-britanico-boris-johnson-en-la-apertura-de-la-ceremonia-de-la-cumbre-del-cambio-climatico-en-glasgow-fuente-reutersyves-hermanpoolfile-photo-2ipmk22j5a7qxumaejdfa6sgmu.avif\" alt=\"\"\/><\/figure>\n\n\n\n<p>La cadena nacional del presidente\u00a0<strong>Javier Milei<\/strong>\u00a0sobre las\u00a0<strong>Islas Malvinas<\/strong>\u00a0gener\u00f3 fuertes\u00a0repercusiones\u00a0en el arco pol\u00edtico del\u00a0<strong>Reino Unido<\/strong>. El ex primer ministro\u00a0<strong>Boris Johnson<\/strong>\u00a0exigi\u00f3 al actual mandatario\u00a0<strong>Andy Burnham<\/strong>\u00a0que\u00a0<strong>\u201cenv\u00ede refuerzos a las Malvinas\u201d<\/strong>\u00a0ante el endurecimiento de las penas contra la explotaci\u00f3n petrolera.<\/p>\n\n\n\n<p>En una columna de opini\u00f3n, Johnson advirti\u00f3 que el mandatario argentino busca\u00a0<strong>apelar al nacionalismo<\/strong>\u00a0con miras a 2027. Sostuvo que\u00a0<strong>\u201cBurnham debe tomar el control\u201d<\/strong>\u00a0de la situaci\u00f3n y enviar barcos, tropas o aeronaves adicionales para blindar el\u00a0archipi\u00e9lago\u00a0frente al proyecto\u00a0<strong>Sea Lion<\/strong>.<\/p>\n\n\n\n<p>Por su parte, el l\u00edder opositor\u00a0<strong>Nigel Farage<\/strong>\u00a0tambi\u00e9n cuestion\u00f3 al gobierno laborista durante el congreso anual de\u00a0<strong>Reform UK<\/strong>\u00a0en Birmingham. El dirigente asegur\u00f3 que el Presidente argentino\u00a0<strong>\u201cve ahora una grieta\u201d<\/strong>\u00a0tras criticar la\u00a0gesti\u00f3n brit\u00e1nica\u00a0en las\u00a0<strong>Islas Chagos<\/strong>.<\/p>\n\n\n\n<p>En paralelo, Farage y el l\u00edder ultraderechista franc\u00e9s\u00a0<strong>Jordan Bardella<\/strong>\u00a0firmaron un memorando conjunto para combatir la inmigraci\u00f3n ilegal. El partido brit\u00e1nico busca\u00a0recuperar terreno\u00a0en las encuestas tras la asunci\u00f3n de Burnham y las investigaciones parlamentarias sobre su financiamiento pol\u00edtico.<\/p>\n","protected":false},"excerpt":{"rendered":"<p>El exmandatario cuestion\u00f3 al presidente Javier Milei por apelar al nacionalismo pensando en las elecciones de 2027. La cadena nacional del presidente\u00a0Javier Milei\u00a0sobre las\u00a0Islas Malvinas\u00a0gener\u00f3 fuertes\u00a0repercusiones\u00a0en el arco pol\u00edtico del\u00a0Reino Unido. El ex primer ministro\u00a0Boris Johnson\u00a0exigi\u00f3 al actual mandatario\u00a0Andy Burnham\u00a0que\u00a0\u201cenv\u00ede refuerzos a las Malvinas\u201d\u00a0ante el endurecimiento de las penas contra la explotaci\u00f3n petrolera. En una [&hellip;]<\/p>\n","protected":false},"author":1,"featured_media":23308,"comment_status":"open","ping_status":"open","sticky":false,"template":"","format":"standard","meta":{"footnotes":""},"categories":[1],"tags":[],"_links":{"self":[{"href":"https:\/\/enlamira.info\/index.php\/wp-json\/wp\/v2\/posts\/23301"}],"collection":[{"href":"https:\/\/enlamira.info\/index.php\/wp-json\/wp\/v2\/posts"}],"about":[{"href":"https:\/\/enlamira.info\/index.php\/wp-json\/wp\/v2\/types\/post"}],"author":[{"embeddable":true,"href":"https:\/\/enlamira.info\/index.php\/wp-json\/wp\/v2\/users\/1"}],"replies":[{"embeddable":true,"href":"https:\/\/enlamira.info\/index.php\/wp-json\/wp\/v2\/comments?post=23301"}],"version-history":[{"count":1,"href":"https:\/\/enlamira.info\/index.php\/wp-json\/wp\/v2\/posts\/23301\/revisions"}],"predecessor-version":[{"id":23309,"href":"https:\/\/enlamira.info\/index.php\/wp-json\/wp\/v2\/posts\/23301\/revisions\/23309"}],"wp:featuredmedia":[{"embeddable":true,"href":"https:\/\/enlamira.info\/index.php\/wp-json\/wp\/v2\/media\/23308"}],"wp:attachment":[{"href":"https:\/\/enlamira.info\/index.php\/wp-json\/wp\/v2\/media?parent=23301"}],"wp:term":[{"taxonomy":"category","embeddable":true,"href":"https:\/\/enlamira.info\/index.php\/wp-json\/wp\/v2\/categories?post=23301"},{"taxonomy":"post_tag","embeddable":true,"href":"https:\/\/enlamira.info\/index.php\/wp-json\/wp\/v2\/tags?post=23301"}],"curies":[{"name":"wp","href":"https:\/\/api.w.org\/{rel}","templated":true}]}}