{"id":23299,"date":"2026-09-05T13:32:12","date_gmt":"2026-09-05T16:32:12","guid":{"rendered":"https:\/\/enlamira.info\/?p=23299"},"modified":"2026-09-05T13:32:12","modified_gmt":"2026-09-05T16:32:12","slug":"sergio-urribarri-quedo-detenido-tras-el-fallo-de-la-corte-que-dejo-firme-su-condena-por-corrupcion","status":"publish","type":"post","link":"https:\/\/enlamira.info\/index.php\/2026\/09\/05\/sergio-urribarri-quedo-detenido-tras-el-fallo-de-la-corte-que-dejo-firme-su-condena-por-corrupcion\/","title":{"rendered":"Sergio Urribarri qued\u00f3 detenido tras el fallo de la Corte que dej\u00f3 firme su condena por corrupci\u00f3n"},"content":{"rendered":"\n<p>El exgobernador de Entre R\u00edos fue trasladado a Paran\u00e1 para comenzar a cumplir ocho a\u00f1os de prisi\u00f3n. La sentencia tambi\u00e9n contempla la inhabilitaci\u00f3n perpetua para ocupar cargos p\u00fablicos y alcanza a su cu\u00f1ado Juan Pablo Aguilera y al exministro Pedro B\u00e1ez<\/p>\n\n\n\n<p>El\u00a0exgobernador\u00a0de Entre R\u00edos<strong>\u00a0Sergio Urribarri<\/strong>\u00a0fue detenido tras quedar firme su condena a ocho a\u00f1os de prisi\u00f3n por corrupci\u00f3n. La Corte Suprema\u00a0rechaz\u00f3\u00a0los recursos extraordinarios presentados por su defensa y dej\u00f3 firme la sentencia por hechos cometidos durante su gesti\u00f3n.<\/p>\n\n\n\n<p>El exmandatario fue trasladado a Paran\u00e1, donde qued\u00f3 a disposici\u00f3n de las autoridades judiciales para comenzar a cumplir la pena. Adem\u00e1s de la prisi\u00f3n, deber\u00e1 afrontar una inhabilitaci\u00f3n perpetua para ejercer cargos p\u00fablicos.<\/p>\n\n\n\n<p>La resoluci\u00f3n del m\u00e1ximo tribunal tambi\u00e9n tuvo consecuencias para otros protagonistas del expediente. Juan Pablo Aguilera, cu\u00f1ado del exgobernador, y Pedro B\u00e1ez, quien fue ministro durante su administraci\u00f3n, tambi\u00e9n deber\u00e1n cumplir las penas que les fueron impuestas.<\/p>\n\n\n\n<h3 class=\"wp-block-heading\">La Corte cerr\u00f3 la instancia extraordinaria<\/h3>\n\n\n\n<p>La definici\u00f3n lleg\u00f3 despu\u00e9s de que las defensas intentaran que la causa continuara su recorrido ante la Corte Suprema.<\/p>\n\n\n\n<p>Los jueces&nbsp;<strong>Horacio Rosatti, Carlos Rosenkrantz y Ricardo Lorenzetti<\/strong>&nbsp;rechazaron los planteos que hab\u00edan llegado al tribunal y consideraron inadmisibles los recursos extraordinarios concedidos parcialmente por el Superior Tribunal de Justicia de Entre R\u00edos.<\/p>\n\n\n\n<p>La decisi\u00f3n se tom\u00f3 en los t\u00e9rminos del art\u00edculo 280 del C\u00f3digo Procesal Civil y Comercial de la Naci\u00f3n, una herramienta que permite a la Corte desestimar determinados recursos cuando considera que no existe una cuesti\u00f3n federal suficiente para justificar su tratamiento.<\/p>\n\n\n\n<p>Lorenzetti agreg\u00f3 una precisi\u00f3n en su voto al mencionar el precedente \u201cVidal\u201d. Seg\u00fan explic\u00f3, que un recurso sea rechazado mediante ese mecanismo no significa que la Corte est\u00e9 afirmando expresamente que la resoluci\u00f3n cuestionada sea justa o correcta.<\/p>\n\n\n\n<p>En t\u00e9rminos pr\u00e1cticos, sin embargo, la decisi\u00f3n dej\u00f3 firme la condena y habilit\u00f3 la ejecuci\u00f3n de las penas.<\/p>\n\n\n\n<figure class=\"wp-block-image\"><img decoding=\"async\" src=\"https:\/\/tn.com.ar\/resizer\/v2\/sergio-urribarri-exgobernador-de-entre-rios-foto-telam-NAIN6HXIFFBEPH25GMMVWC2TWM.jpg?auth=73b000a31a582b3747bc8eeb07bdcbe1402599b468ef31f65bca99207a967274&amp;width=1440\" alt=\"\"\/><\/figure>\n\n\n\n<p>El expediente investig\u00f3 distintas contrataciones realizadas durante el gobierno de&nbsp;<strong>Urribarri<\/strong>, especialmente aquellas vinculadas con la publicidad oficial entre 2010 y 2015.<\/p>\n\n\n\n<p>La acusaci\u00f3n sostuvo que<strong>&nbsp;determinados contratos habr\u00edan sido direccionados y que parte de los fondos p\u00fablicos termin\u00f3 beneficiando a empresas relacionadas con personas del entorno del entonces gobernador.<\/strong><\/p>\n\n\n\n<p>Uno de los nombres centrales de la investigaci\u00f3n fue el de&nbsp;<strong>Juan Pablo Aguilera<\/strong>, cu\u00f1ado de Urribarri, quien fue se\u00f1alado por su presunta participaci\u00f3n en el esquema investigado.<\/p>\n\n\n\n<p>La causa tambi\u00e9n incluy\u00f3 contrataciones vinculadas con la Cumbre del Mercosur realizada en Paran\u00e1 en 2014 y otros gastos efectuados durante la administraci\u00f3n provincial.<\/p>\n\n\n\n<p>El Tribunal de Juicios y Apelaciones de Paran\u00e1 conden\u00f3 a Urribarri el 7 de abril de 2022. La pena establecida fue de ocho a\u00f1os de prisi\u00f3n y la prohibici\u00f3n de por vida para ocupar cargos p\u00fablicos.<\/p>\n\n\n\n<p>Aguilera y B\u00e1ez recibieron, por su parte, seis a\u00f1os de prisi\u00f3n.<\/p>\n\n\n\n<h3 class=\"wp-block-heading\">Qui\u00e9nes m\u00e1s quedaron alcanzados por la resoluci\u00f3n<\/h3>\n\n\n\n<p>Tambi\u00e9n fueron rechazados los planteos presentados por Gerardo Daniel Caruso, Corina Cargnel, Emiliano Giacopuzzi y Luciana Bel\u00e9n Almada, adem\u00e1s de Aguilera y B\u00e1ez.<\/p>\n\n\n\n<p>Todos hab\u00edan recurrido las decisiones judiciales anteriores y buscaban que sus condenas no quedaran firmes.<\/p>\n\n\n\n<p>Con la intervenci\u00f3n del m\u00e1ximo tribunal concluida, las sentencias quedaron en condiciones de ser ejecutadas.<\/p>\n\n\n\n<h3 class=\"wp-block-heading\">Urribarri ya hab\u00eda pasado por la c\u00e1rcel<\/h3>\n\n\n\n<p>El exgobernador ya hab\u00eda sido detenido en noviembre de 2024, cuando permaneci\u00f3 50 d\u00edas privado de su libertad por una decisi\u00f3n de la C\u00e1mara de Casaci\u00f3n Penal de Entre R\u00edos.<\/p>\n\n\n\n<p>En aquel momento, el tribunal hab\u00eda considerado que exist\u00eda un riesgo de que Urribarri pudiera interferir con el proceso judicial.<\/p>\n\n\n\n<p>La medida fue posteriormente revocada, en enero de 2025, y el exmandatario continu\u00f3 el proceso desde su domicilio mientras esperaba que se resolvieran los recursos pendientes.<\/p>\n\n\n\n<p>La decisi\u00f3n de la Corte modific\u00f3 nuevamente su situaci\u00f3n: con la condena firme, la Justicia avanz\u00f3 con su detenci\u00f3n para que comience a cumplir la pena.<\/p>\n\n\n\n<p><strong>Urribarri<\/strong>&nbsp;gobern\u00f3 Entre R\u00edos durante dos per\u00edodos, entre 2007 y 2015. Tras dejar la gobernaci\u00f3n continu\u00f3 vinculado a la pol\u00edtica nacional y, durante el gobierno de Alberto Fern\u00e1ndez, fue designado embajador argentino en Israel.<\/p>\n","protected":false},"excerpt":{"rendered":"<p>El exgobernador de Entre R\u00edos fue trasladado a Paran\u00e1 para comenzar a cumplir ocho a\u00f1os de prisi\u00f3n. La sentencia tambi\u00e9n contempla la inhabilitaci\u00f3n perpetua para ocupar cargos p\u00fablicos y alcanza a su cu\u00f1ado Juan Pablo Aguilera y al exministro Pedro B\u00e1ez El\u00a0exgobernador\u00a0de Entre R\u00edos\u00a0Sergio Urribarri\u00a0fue detenido tras quedar firme su condena a ocho a\u00f1os de [&hellip;]<\/p>\n","protected":false},"author":1,"featured_media":23304,"comment_status":"open","ping_status":"open","sticky":false,"template":"","format":"standard","meta":{"footnotes":""},"categories":[1],"tags":[],"_links":{"self":[{"href":"https:\/\/enlamira.info\/index.php\/wp-json\/wp\/v2\/posts\/23299"}],"collection":[{"href":"https:\/\/enlamira.info\/index.php\/wp-json\/wp\/v2\/posts"}],"about":[{"href":"https:\/\/enlamira.info\/index.php\/wp-json\/wp\/v2\/types\/post"}],"author":[{"embeddable":true,"href":"https:\/\/enlamira.info\/index.php\/wp-json\/wp\/v2\/users\/1"}],"replies":[{"embeddable":true,"href":"https:\/\/enlamira.info\/index.php\/wp-json\/wp\/v2\/comments?post=23299"}],"version-history":[{"count":1,"href":"https:\/\/enlamira.info\/index.php\/wp-json\/wp\/v2\/posts\/23299\/revisions"}],"predecessor-version":[{"id":23305,"href":"https:\/\/enlamira.info\/index.php\/wp-json\/wp\/v2\/posts\/23299\/revisions\/23305"}],"wp:featuredmedia":[{"embeddable":true,"href":"https:\/\/enlamira.info\/index.php\/wp-json\/wp\/v2\/media\/23304"}],"wp:attachment":[{"href":"https:\/\/enlamira.info\/index.php\/wp-json\/wp\/v2\/media?parent=23299"}],"wp:term":[{"taxonomy":"category","embeddable":true,"href":"https:\/\/enlamira.info\/index.php\/wp-json\/wp\/v2\/categories?post=23299"},{"taxonomy":"post_tag","embeddable":true,"href":"https:\/\/enlamira.info\/index.php\/wp-json\/wp\/v2\/tags?post=23299"}],"curies":[{"name":"wp","href":"https:\/\/api.w.org\/{rel}","templated":true}]}}