{"id":23294,"date":"2026-09-04T17:06:05","date_gmt":"2026-09-04T20:06:05","guid":{"rendered":"https:\/\/enlamira.info\/?p=23294"},"modified":"2026-09-04T17:06:05","modified_gmt":"2026-09-04T20:06:05","slug":"escandalo-en-avellaneda-multan-a-todo-el-consejo-escolar-por-contratar-micros-sin-habilitacion","status":"publish","type":"post","link":"https:\/\/enlamira.info\/index.php\/2026\/09\/04\/escandalo-en-avellaneda-multan-a-todo-el-consejo-escolar-por-contratar-micros-sin-habilitacion\/","title":{"rendered":"ESC\u00c1NDALO EN AVELLANEDA: MULTAN A TODO EL CONSEJO ESCOLAR POR CONTRATAR MICROS SIN HABILITACI\u00d3N"},"content":{"rendered":"\n<p><em>El Honorable Tribunal de Cuentas de la Provincia de Buenos Aires aplic\u00f3 sanciones econ\u00f3micas a los 11 integrantes del Consejo Escolar de Avellaneda por serias irregularidades en la contrataci\u00f3n de colectivos escolares durante el a\u00f1o 2024. La medida salpica por igual a todo el arco pol\u00edtico local \u2014incluyendo al oficialismo ferraresista, al PRO, a la UCR y a La Libertad Avanza\u2014 y alcanza a la actual secretaria de Educaci\u00f3n del municipio, Claudia Colaso. En total, las multas suman $3.300.000 debido a contrataciones directas renovadas a dedo y micros que sal\u00edan a la calle sin la habilitaci\u00f3n al d\u00eda.<\/em><\/p>\n\n\n\n<p>Un verdadero esc\u00e1ndalo pol\u00edtico e institucional estall\u00f3 en las \u00faltimas horas en Avellaneda tras conocerse el Fallo 508\/2026 del Honorable Tribunal de Cuentas bonaerense<sup><\/sup>. El organismo que audita los n\u00fameros del Estado sancion\u00f3 con multas de $300.000 a cada uno de los 11 consejeros escolares y funcionarios que administraron la caja de las escuelas p\u00fablicas del distrito durante el ejercicio 2024<sup><\/sup>. Lo ins\u00f3lito del caso es que la sanci\u00f3n no discrimina camisetas partidarias: cayeron juntos los consejeros del oficialismo (Ferraresi), la UCR, el PRO y hasta los referentes de La Libertad Avanza<sup><\/sup>.<\/p>\n\n\n\n<p>El origen del problema no es menor: tiene que ver con los colectivos que llevan a los pibes de las escuelas de Avellaneda. Seg\u00fan la auditor\u00eda oficial, el Consejo Escolar arm\u00f3 un sistema de pr\u00f3rrogas truchas y continuas para contratar el transporte de alumnos sin llamar a licitaci\u00f3n como manda la ley<sup><\/sup>. Para colmo de males, los inspectores detectaron que contrataron colectivos de proveedores que ni siquiera estaban inscriptos en el Registro de Proveedores de la Provincia y, lo m\u00e1s grave de todo, le pagaron el servicio a una transportista cuya habilitaci\u00f3n de Transporte Escolar hab\u00eda vencido a fines de 2023<sup><\/sup>. Es decir, pusieron colectivos a circular con chicos arriba sin los papeles al d\u00eda<sup><\/sup>.<\/p>\n\n\n\n<p>Entre las principales caras castigadas por la provincia se encuentra Claudia Cecilia Colaso, quien presidi\u00f3 el Consejo Escolar durante todo el 2024 y hoy se desempe\u00f1a como secretaria de Educaci\u00f3n en el gabinete municipal de Jorge Ferraresi<sup><\/sup>. Pero la n\u00f3mina completa del &#8220;pago cruzado&#8221; incluye a diez dirigentes m\u00e1s de todos los bloques pol\u00edticos: Pablo Esp\u00f3sito (vicepresidente), Carolina Gonz\u00e1lez (tesorera), Dar\u00edo G\u00f3mez (secretario), junto a los vocales Jimena Olaciregui, Rub\u00e9n Navarro, Gabriela P\u00e9rez, Mariana Pineda, Daniel S\u00e1nchez, Mauro Nipoti y el secretario t\u00e9cnico Federico Castelli<sup><\/sup>.<\/p>\n\n\n\n<p>A la hora de defenderse ante los auditores en La Plata, las autoridades locales intentaron justificarse diciendo que tuvieron que contratar de apuro y &#8220;en emergencia&#8221; para que las clases pudieran arrancar en marzo<sup><\/sup>. Argumentaron que el chofer habitual cambi\u00f3 de firma a \u00faltimo momento y que por eso tuvieron &#8220;errores administrativos involuntarios&#8221; para no dejar a los chicos tirados<sup><\/sup>. Sin embargo, desde el Tribunal de Cuentas les derribaron la excusa de un plumazo: aclararon que el transporte de alumnos es un servicio permanente que se planifica todos los a\u00f1os, por lo que no se puede usar el truco de la &#8220;emergencia&#8221; o la &#8220;factura conformada&#8221; para saltarse las licitaciones y contratar sin la habilitaci\u00f3n municipal correspondiente<sup><\/sup>.<\/p>\n\n\n\n<p>El fallo del Tribunal dej\u00f3 en evidencia un pacto de convivencia dentro del Consejo Escolar donde nadie levant\u00f3 la mano para denunciar ni frenar estas maniobras. Ahora, los 11 sancionados tienen un plazo de 90 d\u00edas para sacar dinero de su propio bolsillo y depositar los $300.000 cada uno en la cuenta del Banco Provincia a la orden del Tribunal de Cuentas. Un bochorno que salpica a la gesti\u00f3n municipal, devela c\u00f3mo se maneja la plata de la educaci\u00f3n p\u00fablica en el distrito y muestra que, cuando se trata de desprolijidades con los fondos del Estado, la grieta en Avellaneda se borra por completo.<\/p>\n\n\n\n<p>DOCUMENTO EXCLUSIVO DEL TRIBUNAL DE CUENTAS PROVINCIAL,QUE ACCEDI\u00d3 MULTIMEDIO EN LA MIRA <\/p>\n\n\n\n<div data-wp-interactive=\"\" class=\"wp-block-file\"><object data-wp-bind--hidden=\"!selectors.core.file.hasPdfPreview\" hidden class=\"wp-block-file__embed\" data=\"https:\/\/enlamira.info\/wp-content\/uploads\/2026\/09\/Htc-1.pdf\" type=\"application\/pdf\" style=\"width:100%;height:600px\" aria-label=\"Incrustado de Htc-1.\"><\/object><a id=\"wp-block-file--media-5564a352-4783-4b32-b54c-e087af816b65\" href=\"https:\/\/enlamira.info\/wp-content\/uploads\/2026\/09\/Htc-1.pdf\">Htc-1<\/a><a href=\"https:\/\/enlamira.info\/wp-content\/uploads\/2026\/09\/Htc-1.pdf\" class=\"wp-block-file__button wp-element-button\" download aria-describedby=\"wp-block-file--media-5564a352-4783-4b32-b54c-e087af816b65\">Descarga<\/a><\/div>\n","protected":false},"excerpt":{"rendered":"<p>El Honorable Tribunal de Cuentas de la Provincia de Buenos Aires aplic\u00f3 sanciones econ\u00f3micas a los 11 integrantes del Consejo Escolar de Avellaneda por serias irregularidades en la contrataci\u00f3n de colectivos escolares durante el a\u00f1o 2024. La medida salpica por igual a todo el arco pol\u00edtico local \u2014incluyendo al oficialismo ferraresista, al PRO, a la [&hellip;]<\/p>\n","protected":false},"author":1,"featured_media":23296,"comment_status":"open","ping_status":"open","sticky":false,"template":"","format":"standard","meta":{"footnotes":""},"categories":[1],"tags":[],"_links":{"self":[{"href":"https:\/\/enlamira.info\/index.php\/wp-json\/wp\/v2\/posts\/23294"}],"collection":[{"href":"https:\/\/enlamira.info\/index.php\/wp-json\/wp\/v2\/posts"}],"about":[{"href":"https:\/\/enlamira.info\/index.php\/wp-json\/wp\/v2\/types\/post"}],"author":[{"embeddable":true,"href":"https:\/\/enlamira.info\/index.php\/wp-json\/wp\/v2\/users\/1"}],"replies":[{"embeddable":true,"href":"https:\/\/enlamira.info\/index.php\/wp-json\/wp\/v2\/comments?post=23294"}],"version-history":[{"count":1,"href":"https:\/\/enlamira.info\/index.php\/wp-json\/wp\/v2\/posts\/23294\/revisions"}],"predecessor-version":[{"id":23297,"href":"https:\/\/enlamira.info\/index.php\/wp-json\/wp\/v2\/posts\/23294\/revisions\/23297"}],"wp:featuredmedia":[{"embeddable":true,"href":"https:\/\/enlamira.info\/index.php\/wp-json\/wp\/v2\/media\/23296"}],"wp:attachment":[{"href":"https:\/\/enlamira.info\/index.php\/wp-json\/wp\/v2\/media?parent=23294"}],"wp:term":[{"taxonomy":"category","embeddable":true,"href":"https:\/\/enlamira.info\/index.php\/wp-json\/wp\/v2\/categories?post=23294"},{"taxonomy":"post_tag","embeddable":true,"href":"https:\/\/enlamira.info\/index.php\/wp-json\/wp\/v2\/tags?post=23294"}],"curies":[{"name":"wp","href":"https:\/\/api.w.org\/{rel}","templated":true}]}}