{"id":23289,"date":"2026-09-02T16:11:00","date_gmt":"2026-09-02T19:11:00","guid":{"rendered":"https:\/\/enlamira.info\/?p=23289"},"modified":"2026-09-04T16:54:26","modified_gmt":"2026-09-04T19:54:26","slug":"crisis-libertaria-en-avellanedasilvina-soria-apunto-a-frattini-es-un-sectario","status":"publish","type":"post","link":"https:\/\/enlamira.info\/index.php\/2026\/09\/02\/crisis-libertaria-en-avellanedasilvina-soria-apunto-a-frattini-es-un-sectario\/","title":{"rendered":"CRISIS LIBERTARIA EN AVELLANEDA:SILVINA SORIA APUNT\u00d3 A FRATTINI, ES UN SECTARIO."},"content":{"rendered":"\n<p>Silvina Soria arremeti\u00f3 con dureza contra la conducci\u00f3n de La Libertad Avanza en Avellaneda y expuso las crecientes fracturas internas que atraviesa el espacio. La dirigente libertaria critic\u00f3 la gesti\u00f3n del edil Cristian Frattini y cuestion\u00f3 severamente a los referentes locales, marcando una profunda distancia con la dirigencia actual.<\/p>\n\n\n\n<figure class=\"wp-block-image size-full\"><img loading=\"lazy\" decoding=\"async\" width=\"480\" height=\"639\" src=\"https:\/\/enlamira.info\/wp-content\/uploads\/2026\/09\/images-2-1.jpg\" alt=\"\" class=\"wp-image-23290\" srcset=\"https:\/\/enlamira.info\/wp-content\/uploads\/2026\/09\/images-2-1.jpg 480w, https:\/\/enlamira.info\/wp-content\/uploads\/2026\/09\/images-2-1-225x300.jpg 225w\" sizes=\"(max-width: 480px) 100vw, 480px\" \/><\/figure>\n\n\n\n<p>La dirigente hist\u00f3rica de La Libertad Avanza en Avellaneda desde la hora cero, Silvina Soria, fulmin\u00f3 al referente de los libertarios en el distrito y actual concejal Cristian Frattini. Soria sostuvo que &#8220;es muy sectario, se maneja con su grupito de gente y nada m\u00e1s, cada vez hay menos gente que le responde&#8221;, seg\u00fan se\u00f1al\u00f3 la libertaria a una radio de R\u00edo Negro. Con sus dichos, dio a entender que los grandes actos donde aparece mucha gente en las fotos estar\u00edan emparentados con el cl\u00e1sico &#8220;arreo&#8221; de gente al estilo PJ, nutrido por dirigentes de dudosa procedencia.<\/p>\n\n\n\n<p>Por otro lado, la dirigente hostig\u00f3 a parte del espacio como Lucas Jacob, &#8220;quien viene del PRO, pero tambi\u00e9n quiere ser intendente de Avellaneda&#8221;. Al respecto, afirm\u00f3 que &#8220;Lucas se la pasa yendo de su casa en el country a La Plata en la C\u00e1mara de Diputados, d\u00f3nde vive rosqueando&#8221;, y remat\u00f3 se\u00f1alando que &#8220;pero en los barrios ni se lo ve&#8221;.<\/p>\n\n\n\n<figure class=\"wp-block-image size-full\"><img loading=\"lazy\" decoding=\"async\" width=\"880\" height=\"512\" src=\"https:\/\/enlamira.info\/wp-content\/uploads\/2026\/09\/20250210105151_silvinapareja.jpg\" alt=\"\" class=\"wp-image-23291\" srcset=\"https:\/\/enlamira.info\/wp-content\/uploads\/2026\/09\/20250210105151_silvinapareja.jpg 880w, https:\/\/enlamira.info\/wp-content\/uploads\/2026\/09\/20250210105151_silvinapareja-300x175.jpg 300w, https:\/\/enlamira.info\/wp-content\/uploads\/2026\/09\/20250210105151_silvinapareja-768x447.jpg 768w\" sizes=\"(max-width: 880px) 100vw, 880px\" \/><\/figure>\n\n\n\n<p>Sobre su posici\u00f3n personal y las cr\u00edticas a la pol\u00edtica local, expres\u00f3: &#8220;Yo seguir\u00e9 trabajando como en un primer momento por Milei y las ideas libertarias&#8221;. Asimismo, castig\u00f3 a la gesti\u00f3n ferraresista y de Magdalena Sierra sosteniendo que &#8220;es una verg\u00fcenza c\u00f3mo \u00e9l y su familia viven del Estado, que le vale al vecino 65 millones de pesos; \u00e9l con un sueldo de 12 millones es asesor de la Sierra. Es una verg\u00fcenza: en las calles de Avellaneda llueven dos gotas y se inunda, uno no puede mandar ni los chicos al colegio y encima quiere ser gobernador, una verg\u00fcenza&#8221;.<\/p>\n\n\n\n<p>Lejos de unirse, el espacio est\u00e1 cada vez m\u00e1s dividido y debilitado. Cabe recordar que el armado libertario vuelve a eclosionar luego de la primera temporada fallida donde logr\u00f3 colocar dos concejales, los cuales salieron espantados del espacio formando monobloques, tal como ocurri\u00f3 con Zunilda Ben\u00edtez y Pepo D\u00edaz Arnaldo.<\/p>\n","protected":false},"excerpt":{"rendered":"<p>Silvina Soria arremeti\u00f3 con dureza contra la conducci\u00f3n de La Libertad Avanza en Avellaneda y expuso las crecientes fracturas internas que atraviesa el espacio. La dirigente libertaria critic\u00f3 la gesti\u00f3n del edil Cristian Frattini y cuestion\u00f3 severamente a los referentes locales, marcando una profunda distancia con la dirigencia actual. La dirigente hist\u00f3rica de La Libertad [&hellip;]<\/p>\n","protected":false},"author":1,"featured_media":23292,"comment_status":"open","ping_status":"open","sticky":false,"template":"","format":"standard","meta":{"footnotes":""},"categories":[1,20,5],"tags":[2401,2402],"_links":{"self":[{"href":"https:\/\/enlamira.info\/index.php\/wp-json\/wp\/v2\/posts\/23289"}],"collection":[{"href":"https:\/\/enlamira.info\/index.php\/wp-json\/wp\/v2\/posts"}],"about":[{"href":"https:\/\/enlamira.info\/index.php\/wp-json\/wp\/v2\/types\/post"}],"author":[{"embeddable":true,"href":"https:\/\/enlamira.info\/index.php\/wp-json\/wp\/v2\/users\/1"}],"replies":[{"embeddable":true,"href":"https:\/\/enlamira.info\/index.php\/wp-json\/wp\/v2\/comments?post=23289"}],"version-history":[{"count":1,"href":"https:\/\/enlamira.info\/index.php\/wp-json\/wp\/v2\/posts\/23289\/revisions"}],"predecessor-version":[{"id":23293,"href":"https:\/\/enlamira.info\/index.php\/wp-json\/wp\/v2\/posts\/23289\/revisions\/23293"}],"wp:featuredmedia":[{"embeddable":true,"href":"https:\/\/enlamira.info\/index.php\/wp-json\/wp\/v2\/media\/23292"}],"wp:attachment":[{"href":"https:\/\/enlamira.info\/index.php\/wp-json\/wp\/v2\/media?parent=23289"}],"wp:term":[{"taxonomy":"category","embeddable":true,"href":"https:\/\/enlamira.info\/index.php\/wp-json\/wp\/v2\/categories?post=23289"},{"taxonomy":"post_tag","embeddable":true,"href":"https:\/\/enlamira.info\/index.php\/wp-json\/wp\/v2\/tags?post=23289"}],"curies":[{"name":"wp","href":"https:\/\/api.w.org\/{rel}","templated":true}]}}