{"id":23279,"date":"2026-09-04T02:06:34","date_gmt":"2026-09-04T05:06:34","guid":{"rendered":"https:\/\/enlamira.info\/?p=23279"},"modified":"2026-09-04T02:06:34","modified_gmt":"2026-09-04T05:06:34","slug":"chile-respaldo-los-legitimos-derechos-de-soberania-de-argentina-sobre-las-islas-malvinas","status":"publish","type":"post","link":"https:\/\/enlamira.info\/index.php\/2026\/09\/04\/chile-respaldo-los-legitimos-derechos-de-soberania-de-argentina-sobre-las-islas-malvinas\/","title":{"rendered":"Chile respald\u00f3 los \u201cleg\u00edtimos derechos de soberan\u00eda\u201d de Argentina sobre las Islas Malvinas"},"content":{"rendered":"\n<p>En un comunicado de la Oficina del presidente Javier Milei, el Gobierno argentino confirm\u00f3 que Jos\u00e9 Antonio Kast pidi\u00f3 que se reanuden las negociaciones con el Reino Unido para encontrar una \u201csoluci\u00f3n pac\u00edfica y definitiva\u201d.<\/p>\n\n\n\n<p>Los gobiernos de la\u00a0<strong>Argentina<\/strong>\u00a0y de\u00a0<strong>Chile<\/strong>\u00a0emitieron un comunicado conjunto tras el encuentro de trabajo mantenido por sus mandatarios en\u00a0<strong>Santiago<\/strong>, donde constataron el\u00a0<strong>\u201cexcelente estado de la relaci\u00f3n bilateral\u201d<\/strong>\u00a0y destacaron la intensidad de la agenda de cooperaci\u00f3n\u00a0diplom\u00e1tica\u00a0e integraci\u00f3n regional desarrollada en los \u00faltimos meses.<\/p>\n\n\n\n<p>Durante la cumbre presidencial, ambos jefes de Estado abordaron cuestiones estrat\u00e9gicas como la complementariedad energ\u00e9tica y el desarrollo minero binacional. Asimismo, reafirmaron su compromiso conjunto contra el&nbsp;<strong>crimen organizado transnacional<\/strong>,<strong>&nbsp;el narcotr\u00e1fico y el terrorismo<\/strong>&nbsp;mediante la plena utilizaci\u00f3n de los mecanismos de cooperaci\u00f3n.<\/p>\n\n\n\n<p><\/p>\n\n\n\n<p id=\"caption-attachment-1293516\">Jos\u00e9 Antonio Kast y Javier Milei<\/p>\n\n\n\n<p>En materia de l\u00edmites territoriales, el documento ratific\u00f3 que el r\u00e9gimen jur\u00eddico del\u00a0<strong>Estrecho de Magallanes<\/strong>\u00a0se rige por los tratados de\u00a0<strong>1881<\/strong>\u00a0y\u00a0<strong>1984<\/strong>, estableciendo la\u00a0<strong>soberan\u00eda chilena<\/strong>\u00a0sobre la totalidad del canal mar\u00edtimo austral de acuerdo a los instrumentos\u00a0internacionales.<\/p>\n\n\n\n<p>En un tramo central del acuerdo diplom\u00e1tico, el presidente chileno\u00a0<strong>Jos\u00e9 Antonio Kast<\/strong>\u00a0reiter\u00f3 el respaldo de su pa\u00eds\u00a0<strong>\u201ca los leg\u00edtimos derechos de soberan\u00eda de la Rep\u00fablica Argentina sobre las Islas Malvinas, Georgias del Sur, Sandwich del Sur\u00a0<\/strong>y los espacios mar\u00edtimos circundantes\u201d, exigiendo la reanudaci\u00f3n de negociaciones pac\u00edficas y definitivas con el\u00a0<strong>Reino Unido<\/strong>.<\/p>\n\n\n\n<p>Por su parte, el presidente\u00a0<strong>Javier Milei<\/strong>\u00a0agradeci\u00f3 el\u00a0<strong>\u201ctradicional apoyo del Gobierno de Chile en la Cuesti\u00f3n de las Islas Malvinas\u201d<\/strong>\u00a0y expres\u00f3 que se valorar\u00e1n los esfuerzos orientados \u201ca fin de evitar la consolidaci\u00f3n de actividades log\u00edsticas ilegales unilaterales en la zona disputada\u201d, cuestionando la\u00a0exploraci\u00f3n brit\u00e1nica de hidrocarburos\u00a0y recursos pesqueros contraria a las resoluciones de la\u00a0<strong>ONU<\/strong>.<\/p>\n\n\n\n<p>Finalmente, el Gobierno chileno valor\u00f3 el compromiso de la administraci\u00f3n argentina para materializar la detenci\u00f3n y extradici\u00f3n de&nbsp;<strong>Galvarino Apablaza<\/strong>. Los mandatarios concluyeron reafirmando la v\u00eda de los canales institucionales para tratar de manera conjunta la totalidad de los asuntos de inter\u00e9s com\u00fan entre ambos pa\u00edses.<\/p>\n","protected":false},"excerpt":{"rendered":"<p>En un comunicado de la Oficina del presidente Javier Milei, el Gobierno argentino confirm\u00f3 que Jos\u00e9 Antonio Kast pidi\u00f3 que se reanuden las negociaciones con el Reino Unido para encontrar una \u201csoluci\u00f3n pac\u00edfica y definitiva\u201d. Los gobiernos de la\u00a0Argentina\u00a0y de\u00a0Chile\u00a0emitieron un comunicado conjunto tras el encuentro de trabajo mantenido por sus mandatarios en\u00a0Santiago, donde constataron [&hellip;]<\/p>\n","protected":false},"author":1,"featured_media":23287,"comment_status":"open","ping_status":"open","sticky":false,"template":"","format":"standard","meta":{"footnotes":""},"categories":[1],"tags":[],"_links":{"self":[{"href":"https:\/\/enlamira.info\/index.php\/wp-json\/wp\/v2\/posts\/23279"}],"collection":[{"href":"https:\/\/enlamira.info\/index.php\/wp-json\/wp\/v2\/posts"}],"about":[{"href":"https:\/\/enlamira.info\/index.php\/wp-json\/wp\/v2\/types\/post"}],"author":[{"embeddable":true,"href":"https:\/\/enlamira.info\/index.php\/wp-json\/wp\/v2\/users\/1"}],"replies":[{"embeddable":true,"href":"https:\/\/enlamira.info\/index.php\/wp-json\/wp\/v2\/comments?post=23279"}],"version-history":[{"count":1,"href":"https:\/\/enlamira.info\/index.php\/wp-json\/wp\/v2\/posts\/23279\/revisions"}],"predecessor-version":[{"id":23288,"href":"https:\/\/enlamira.info\/index.php\/wp-json\/wp\/v2\/posts\/23279\/revisions\/23288"}],"wp:featuredmedia":[{"embeddable":true,"href":"https:\/\/enlamira.info\/index.php\/wp-json\/wp\/v2\/media\/23287"}],"wp:attachment":[{"href":"https:\/\/enlamira.info\/index.php\/wp-json\/wp\/v2\/media?parent=23279"}],"wp:term":[{"taxonomy":"category","embeddable":true,"href":"https:\/\/enlamira.info\/index.php\/wp-json\/wp\/v2\/categories?post=23279"},{"taxonomy":"post_tag","embeddable":true,"href":"https:\/\/enlamira.info\/index.php\/wp-json\/wp\/v2\/tags?post=23279"}],"curies":[{"name":"wp","href":"https:\/\/api.w.org\/{rel}","templated":true}]}}