{"id":23277,"date":"2026-09-04T02:01:45","date_gmt":"2026-09-04T05:01:45","guid":{"rendered":"https:\/\/enlamira.info\/?p=23277"},"modified":"2026-09-04T02:01:45","modified_gmt":"2026-09-04T05:01:45","slug":"revelaron-que-alejandro-stoessel-hostigaba-a-tini-con-imagenes-de-emilia-mernes-para-obligarla-a-cantar","status":"publish","type":"post","link":"https:\/\/enlamira.info\/index.php\/2026\/09\/04\/revelaron-que-alejandro-stoessel-hostigaba-a-tini-con-imagenes-de-emilia-mernes-para-obligarla-a-cantar\/","title":{"rendered":"Revelaron que Alejandro Stoessel hostigaba a Tini con im\u00e1genes de Emilia Mernes para obligarla a cantar"},"content":{"rendered":"\n<p>La informaci\u00f3n surge en medio de la tensi\u00f3n entre la artista y su exm\u00e1nager y su regreso a los escenarios en M\u00e9xico.<\/p>\n\n\n\n<p>La relaci\u00f3n laboral y familiar entre\u00a0<strong>Tini Stoessel<\/strong>\u00a0y su padre\u00a0<strong>Alejandro<\/strong>\u00a0atraviesa un profundo\u00a0distanciamiento. Majo Martino revel\u00f3 detalles de la interna en LAM, se\u00f1alando que el exm\u00e1nager ejerc\u00eda una\u00a0<strong>fuerte presi\u00f3n sobre la artista<\/strong>\u00a0durante sus crisis de salud mental.<\/p>\n\n\n\n<p>Seg\u00fan relat\u00f3 Yanina Latorre, la cantante record\u00f3 que en el pasado&nbsp;<strong>la obligaron a cumplir con compromisos profesionales<\/strong>&nbsp;a pesar de su delicado estado. Entre los episodios cr\u00edticos, la int\u00e9rprete reproch\u00f3 que la hicieron&nbsp;<strong>\u201ccantar igual, pesando 30 kilos\u201d<\/strong>&nbsp;tras negarse a realizar catorce funciones en el&nbsp;<strong>Luna Park<\/strong>.<\/p>\n\n\n\n<p>Adem\u00e1s, la panelista expuso que, mientras la\u00a0artista\u00a0atravesaba un per\u00edodo de aislamiento por sus ataques de p\u00e1nico, su entorno la\u00a0<strong>\u201cbombardeaba con im\u00e1genes de Emilia Mernes\u201d<\/strong>. La hostigaban comparando sus vestuarios, la elecci\u00f3n de los bailarines y sugiriendo que su colega\u00a0<strong>\u201cest\u00e1 ganando terreno\u201d<\/strong>.<\/p>\n\n\n\n<p id=\"caption-attachment-1293538\">Esta din\u00e1mica de constante comparaci\u00f3n generaba un severo desgaste emocional en lugar de contenci\u00f3n. La conducci\u00f3n del programa concluy\u00f3 que la presi\u00f3n ejercida por su propio equipo provocaba que la\u00a0cantante\u00a0sintiera una<strong>\u00a0intensa competencia desmedida<\/strong>\u00a0con quien entonces era su amiga.<\/p>\n","protected":false},"excerpt":{"rendered":"<p>La informaci\u00f3n surge en medio de la tensi\u00f3n entre la artista y su exm\u00e1nager y su regreso a los escenarios en M\u00e9xico. La relaci\u00f3n laboral y familiar entre\u00a0Tini Stoessel\u00a0y su padre\u00a0Alejandro\u00a0atraviesa un profundo\u00a0distanciamiento. Majo Martino revel\u00f3 detalles de la interna en LAM, se\u00f1alando que el exm\u00e1nager ejerc\u00eda una\u00a0fuerte presi\u00f3n sobre la artista\u00a0durante sus crisis de [&hellip;]<\/p>\n","protected":false},"author":1,"featured_media":23283,"comment_status":"open","ping_status":"open","sticky":false,"template":"","format":"standard","meta":{"footnotes":""},"categories":[1],"tags":[],"_links":{"self":[{"href":"https:\/\/enlamira.info\/index.php\/wp-json\/wp\/v2\/posts\/23277"}],"collection":[{"href":"https:\/\/enlamira.info\/index.php\/wp-json\/wp\/v2\/posts"}],"about":[{"href":"https:\/\/enlamira.info\/index.php\/wp-json\/wp\/v2\/types\/post"}],"author":[{"embeddable":true,"href":"https:\/\/enlamira.info\/index.php\/wp-json\/wp\/v2\/users\/1"}],"replies":[{"embeddable":true,"href":"https:\/\/enlamira.info\/index.php\/wp-json\/wp\/v2\/comments?post=23277"}],"version-history":[{"count":1,"href":"https:\/\/enlamira.info\/index.php\/wp-json\/wp\/v2\/posts\/23277\/revisions"}],"predecessor-version":[{"id":23284,"href":"https:\/\/enlamira.info\/index.php\/wp-json\/wp\/v2\/posts\/23277\/revisions\/23284"}],"wp:featuredmedia":[{"embeddable":true,"href":"https:\/\/enlamira.info\/index.php\/wp-json\/wp\/v2\/media\/23283"}],"wp:attachment":[{"href":"https:\/\/enlamira.info\/index.php\/wp-json\/wp\/v2\/media?parent=23277"}],"wp:term":[{"taxonomy":"category","embeddable":true,"href":"https:\/\/enlamira.info\/index.php\/wp-json\/wp\/v2\/categories?post=23277"},{"taxonomy":"post_tag","embeddable":true,"href":"https:\/\/enlamira.info\/index.php\/wp-json\/wp\/v2\/tags?post=23277"}],"curies":[{"name":"wp","href":"https:\/\/api.w.org\/{rel}","templated":true}]}}