{"id":23276,"date":"2026-09-04T01:59:57","date_gmt":"2026-09-04T04:59:57","guid":{"rendered":"https:\/\/enlamira.info\/?p=23276"},"modified":"2026-09-04T01:59:57","modified_gmt":"2026-09-04T04:59:57","slug":"javier-milei-pidio-mostrar-un-frente-unido-al-mundo-para-reclamar-la-soberania-sobre-las-islas-malvinas","status":"publish","type":"post","link":"https:\/\/enlamira.info\/index.php\/2026\/09\/04\/javier-milei-pidio-mostrar-un-frente-unido-al-mundo-para-reclamar-la-soberania-sobre-las-islas-malvinas\/","title":{"rendered":"Javier Milei pidi\u00f3 mostrar \u201cun frente unido al mundo\u201d para reclamar la soberan\u00eda sobre las Islas Malvinas"},"content":{"rendered":"\n<p>El Presidente le env\u00edo un mensaje a los distintos partidos pol\u00edticos para dejar de lado las diferencias ideol\u00f3gicas en medio de las tensiones con el Reino Unido.<\/p>\n\n\n\n<p>A trav\u00e9s de un mensaje que fue grabado este jueves en la Casa Rosada, el presidente&nbsp;<strong>Javier Milei<\/strong>&nbsp;habl\u00f3 sobre el conflicto diplom\u00e1tico de las Islas Malvinas. El jefe de Estado estuvo acompa\u00f1ado por funcionarios y figuras clave del oficialismo libertario.<\/p>\n\n\n\n<p><strong>\u201cLas Malvinas son argentinas por historia y por derecho, no hay discusi\u00f3n al respecto\u201d<\/strong>, sostuvo el Presidente al inicio de la transmisi\u00f3n oficial, dejando clara la postura del Gobierno nacional al respecto de la soberan\u00eda sobre el archipi\u00e9lago.<\/p>\n\n\n\n<p>Con respecto al pedido de la ONU para retomar las\u00a0negociaciones, Milei expres\u00f3 que\u00a0<strong>\u201chemos presentado m\u00e1s de 60 propuestas,<\/strong>\u00a0frente a las decisiones unilaterales del Reino Unido\u201d. Al mismo tiempo, le agradeci\u00f3 al presidente\u00a0<strong>Donald Trump<\/strong>\u00a0por evaluar retirarle el apoyo a Gran Breta\u00f1a en la disputa de las islas.<\/p>\n\n\n\n<p>El jefe de Estado tambi\u00e9n advirti\u00f3 que \u201cen pocos meses\u201d el Gobierno brit\u00e1nico tendr\u00e1 la capacidad de\u00a0<strong>\u201capropiarse de nuestras reservas de petr\u00f3leo\u201d<\/strong>. \u201cNo lo vamos a permitir\u201d, se\u00f1al\u00f3 con respecto a esta problem\u00e1tica.<\/p>\n\n\n\n<p>Con respecto a las medidas que se esperaban,\u00a0Milei\u00a0anunci\u00f3 una lista de iniciativas para<strong>\u00a0sancionar a aquellos que participen de proyectos de explotaci\u00f3n<\/strong>\u00a0en territorio argentino sin autorizaci\u00f3n del Gobierno.<\/p>\n\n\n\n<p>Adem\u00e1s, anticip\u00f3 la construcci\u00f3n de una<strong>&nbsp;base naval en Tierra de Fuego<\/strong>&nbsp;y el env\u00edo al Congreso de un&nbsp;<strong>proyecto de Defensa de la Soberan\u00eda Nacional.<\/strong>&nbsp;El Presidente destac\u00f3 que estas medidas son posibles gracias a \u201crescatar a la Argentina del pozo en el que nos encontr\u00e1bamos\u201d.<\/p>\n\n\n\n<p>Javier Milei cerr\u00f3 la cadena nacional se\u00f1alando que&nbsp;<strong>\u201cno hay otro camino\u201d<\/strong>&nbsp;que insistir con la recuperaci\u00f3n de las Islas Malvinas. \u201cPodemos discutir sobre cualquier otra cosa, pero este tema demanda una pausa y&nbsp;<strong>mostremos un frente unido al mundo\u201d<\/strong>, indic\u00f3 a los distintos partidos pol\u00edticos.<\/p>\n\n\n\n<figure class=\"wp-block-embed is-type-rich is-provider-gestor-del-servicio wp-block-embed-gestor-del-servicio\"><div class=\"wp-block-embed__wrapper\">\nhttps:\/\/youtube.com\/watch?v=jzTTOB0jNyQ%3Ffeature%3Doembed\n<\/div><\/figure>\n\n\n\n<p>El eje central del mensaje presidencial se vincul\u00f3 con la creciente tensi\u00f3n geopol\u00edtica y las acciones unilaterales en torno al archipi\u00e9lago. El trasfondo incluye la explotaci\u00f3n del proyecto petrolero&nbsp;<strong>Sea Lion<\/strong>&nbsp;impulsado por empresas extranjeras al norte de las islas, una medida rechazada por la&nbsp;<strong>Canciller\u00eda<\/strong>.<\/p>\n\n\n\n<p>Ante esta situaci\u00f3n, el organismo diplom\u00e1tico calific\u00f3 la exploraci\u00f3n hidrocarbur\u00edfera de\u00a0<strong>\u201cincompatible con lo dispuesto por la Resoluci\u00f3n 31\/49\u201d<\/strong>\u00a0de las Naciones Unidas. Esta postura se da en paralelo a las repercusiones generadas por las recientes declaraciones del\u00a0mandatario estadounidense,\u00a0<strong>Donald Trump<\/strong>, sobre la neutralidad hist\u00f3rica.<\/p>\n\n\n\n<p>Pese al escenario de tensi\u00f3n\u00a0internacional, la administraci\u00f3n libertaria mantiene firme en su agenda oficial un\u00a0<strong>viaje a<\/strong>\u00a0<strong>Londres<\/strong>. Fuentes oficiales confirmaron que la comitiva nacional podr\u00eda coincidir en octubre con la cumbre de minerales cr\u00edticos\u00a0<strong>LME Week<\/strong>, dado el inter\u00e9s brit\u00e1nico en el\u00a0<strong>litio y cobre<\/strong>\u00a0argentino.<\/p>\n\n\n\n<p>De concretarse la misi\u00f3n a\u00a0territorio\u00a0brit\u00e1nico, se tratar\u00eda de la\u00a0<strong>primera visita bilateral<\/strong>\u00a0de un presidente argentino desde\u00a0<strong>1998<\/strong>. La agenda tambi\u00e9n contempla conversaciones avanzadas orientadas a la flexibilizaci\u00f3n del\u00a0<strong>embargo de armas<\/strong>\u00a0vigente desde el conflicto b\u00e9lico de\u00a0<strong>1982<\/strong>.<\/p>\n","protected":false},"excerpt":{"rendered":"<p>El Presidente le env\u00edo un mensaje a los distintos partidos pol\u00edticos para dejar de lado las diferencias ideol\u00f3gicas en medio de las tensiones con el Reino Unido. A trav\u00e9s de un mensaje que fue grabado este jueves en la Casa Rosada, el presidente&nbsp;Javier Milei&nbsp;habl\u00f3 sobre el conflicto diplom\u00e1tico de las Islas Malvinas. El jefe de [&hellip;]<\/p>\n","protected":false},"author":1,"featured_media":23281,"comment_status":"open","ping_status":"open","sticky":false,"template":"","format":"standard","meta":{"footnotes":""},"categories":[1],"tags":[],"_links":{"self":[{"href":"https:\/\/enlamira.info\/index.php\/wp-json\/wp\/v2\/posts\/23276"}],"collection":[{"href":"https:\/\/enlamira.info\/index.php\/wp-json\/wp\/v2\/posts"}],"about":[{"href":"https:\/\/enlamira.info\/index.php\/wp-json\/wp\/v2\/types\/post"}],"author":[{"embeddable":true,"href":"https:\/\/enlamira.info\/index.php\/wp-json\/wp\/v2\/users\/1"}],"replies":[{"embeddable":true,"href":"https:\/\/enlamira.info\/index.php\/wp-json\/wp\/v2\/comments?post=23276"}],"version-history":[{"count":1,"href":"https:\/\/enlamira.info\/index.php\/wp-json\/wp\/v2\/posts\/23276\/revisions"}],"predecessor-version":[{"id":23282,"href":"https:\/\/enlamira.info\/index.php\/wp-json\/wp\/v2\/posts\/23276\/revisions\/23282"}],"wp:featuredmedia":[{"embeddable":true,"href":"https:\/\/enlamira.info\/index.php\/wp-json\/wp\/v2\/media\/23281"}],"wp:attachment":[{"href":"https:\/\/enlamira.info\/index.php\/wp-json\/wp\/v2\/media?parent=23276"}],"wp:term":[{"taxonomy":"category","embeddable":true,"href":"https:\/\/enlamira.info\/index.php\/wp-json\/wp\/v2\/categories?post=23276"},{"taxonomy":"post_tag","embeddable":true,"href":"https:\/\/enlamira.info\/index.php\/wp-json\/wp\/v2\/tags?post=23276"}],"curies":[{"name":"wp","href":"https:\/\/api.w.org\/{rel}","templated":true}]}}