{"id":23245,"date":"2026-09-03T07:16:00","date_gmt":"2026-09-03T10:16:00","guid":{"rendered":"https:\/\/enlamira.info\/?p=23245"},"modified":"2026-09-02T11:19:27","modified_gmt":"2026-09-02T14:19:27","slug":"peter-lamelas-respaldo-a-milei-por-el-dia-de-la-industria-y-destaco-su-plan-para-atraer-inversiones","status":"publish","type":"post","link":"https:\/\/enlamira.info\/index.php\/2026\/09\/03\/peter-lamelas-respaldo-a-milei-por-el-dia-de-la-industria-y-destaco-su-plan-para-atraer-inversiones\/","title":{"rendered":"Peter Lamelas respald\u00f3 a Milei por el D\u00eda de la Industria y destac\u00f3 su plan para atraer inversiones"},"content":{"rendered":"\n<p>El embajador de Estados Unidos afirm\u00f3 que Washington seguir\u00e1 acompa\u00f1ando a la Argentina con inversi\u00f3n, tecnolog\u00eda y empleos de calidad. El mensaje lleg\u00f3 mientras la UIA reclama cambios para mejorar la competitividad de las empresas.<\/p>\n\n\n\n<p>El embajador de\u00a0<strong>Estados Unidos<\/strong>\u00a0en la Argentina,<strong>\u00a0Peter Lamelas,<\/strong>\u00a0volvi\u00f3 a respaldar p\u00fablicamente al\u00a0gobierno\u00a0de<strong>\u00a0Javier Milei<\/strong>\u00a0y destac\u00f3 las medidas econ\u00f3micas que impulsa la Casa Rosada en el marco del\u00a0<strong>D\u00eda de la Industria.<\/strong><\/p>\n\n\n\n<p>A trav\u00e9s de su cuenta de X, el\u00a0diplom\u00e1tico\u00a0asegur\u00f3 que el Presidente est\u00e1 tomando decisiones que pueden generar un cambio de fondo en la econom\u00eda argentina y remarc\u00f3 el inter\u00e9s de Washington en acompa\u00f1ar ese proceso.<\/p>\n\n\n\n<p><strong>\u201cEl Presidente Javier Milei est\u00e1 tomando decisiones valientes para abrir la econom\u00eda, atraer inversiones y devolverle previsibilidad a la Argentina\u201d<\/strong>, sostuvo&nbsp;<strong>Lamelas<\/strong>.<\/p>\n\n\n\n<p>El mensaje fue publicado mientras empresarios y dirigentes industriales analizaban la situaci\u00f3n del sector y planteaban sus principales reclamos al Gobierno.<\/p>\n\n\n\n<p>El embajador estadounidense puso el foco en la necesidad de generar condiciones para que la Argentina pueda atraer capitales y desarrollar nuevas actividades productivas.<\/p>\n\n\n\n<p><strong>\u201cEn el D\u00eda de la Industria, reafirmo el compromiso de los Estados Unidos de acompa\u00f1ar este nuevo rumbo con inversi\u00f3n, tecnolog\u00eda confiable y empleos de calidad\u201d<\/strong>, afirm\u00f3.<\/p>\n\n\n\n<p><strong>Lamelas<\/strong>&nbsp;tambi\u00e9n destac\u00f3 el potencial del pa\u00eds y puso el acento en el capital humano como uno de sus principales recursos.<\/p>\n\n\n\n<p>\u201cArgentina tiene recursos extraordinarios, pero su mayor recurso siempre ser\u00e1 su gente\u201d, se\u00f1al\u00f3 el diplom\u00e1tico en la publicaci\u00f3n que acompa\u00f1\u00f3 con una imagen alusiva a la fecha.<\/p>\n\n\n\n<h3 class=\"wp-block-heading\">Lamelas destac\u00f3 la estabilidad macroecon\u00f3mica<\/h3>\n\n\n\n<p>Un d\u00eda antes, el representante de Washington hab\u00eda publicado otro mensaje en el que valor\u00f3 el proceso de estabilizaci\u00f3n econ\u00f3mica que atraviesa la Argentina.<\/p>\n\n\n\n<p>\u201cLa macroeconom\u00eda se est\u00e1 ordenando bajo el liderazgo del presidente Milei. La disciplina fiscal est\u00e1 rompiendo d\u00e9cadas de inestabilidad\u201d, escribi\u00f3.<\/p>\n\n\n\n<p>En esa misma publicaci\u00f3n, el representante plante\u00f3 que el pr\u00f3ximo desaf\u00edo pasa por transformar la estabilidad alcanzada en inversiones concretas.<\/p>\n\n\n\n<p>El diplom\u00e1tico mencion\u00f3 especialmente al R\u00e9gimen de Incentivo para Grandes Inversiones (RIGI) y la necesidad de contar con reglas claras para atraer capitales.<\/p>\n\n\n\n<p>\u201cEl pr\u00f3ximo cap\u00edtulo es la formaci\u00f3n de capital: RIGI, reglas claras, y un socio que convierte esa estabilidad en inversi\u00f3n real. Estados Unidos quiere ser ese socio\u201d, sostuvo.<\/p>\n\n\n\n<p>De esta manera, la administraci\u00f3n estadounidense volvi\u00f3 a marcar su inter\u00e9s en que la Argentina avance desde la estabilizaci\u00f3n de las variables macroecon\u00f3micas hacia una etapa de mayor inversi\u00f3n y crecimiento.<\/p>\n\n\n\n<h3 class=\"wp-block-heading\">El respaldo lleg\u00f3 mientras la industria reclama cambios<\/h3>\n\n\n\n<p>Las declaraciones de Lamelas coincidieron con el acto organizado por la<strong>&nbsp;Uni\u00f3n Industrial Argentina (UIA)<\/strong>&nbsp;para conmemorar el&nbsp;<strong>D\u00eda de la Industria.<\/strong><\/p>\n\n\n\n<p>Unos 200 empresarios se reunieron este mi\u00e9rcoles en la planta del laboratorio Elea, ubicada en el partido bonaerense de Malvinas Argentinas, para analizar el presente de la actividad y plantear las condiciones necesarias para recuperar competitividad.<\/p>\n\n\n\n<p>La entidad industrial prepara un diagn\u00f3stico que combina el reconocimiento a algunos avances econ\u00f3micos con una serie de reclamos al Gobierno.<\/p>\n\n\n\n<p>Entre los puntos que aparecen en el centro de la discusi\u00f3n se encuentran las distorsiones estructurales, la presi\u00f3n impositiva y las dificultades que enfrentan las empresas argentinas para competir en un mercado cada vez m\u00e1s abierto.<\/p>\n\n\n\n<p>Desde la&nbsp;<strong>UIA<\/strong>&nbsp;reconocen que hubo una mejora en algunas variables de la econom\u00eda: la inflaci\u00f3n se encuentra en niveles inferiores a los registrados durante los \u00faltimos a\u00f1os, el Gobierno mantiene un mayor control sobre el gasto y el d\u00e9ficit y se flexibiliz\u00f3 el r\u00e9gimen de importaciones.<\/p>\n\n\n\n<p>Sin embargo, esos cambios todav\u00eda no se tradujeron en una recuperaci\u00f3n generalizada de la actividad industrial.<\/p>\n\n\n\n<h3 class=\"wp-block-heading\">La competencia de los productos importados preocupa a las empresas<\/h3>\n\n\n\n<p>Uno de los principales desaf\u00edos para las compa\u00f1\u00edas argentinas es el aumento de la competencia de productos provenientes del exterior.<\/p>\n\n\n\n<p>La apertura comercial genera presi\u00f3n sobre sectores que todav\u00eda trabajan con capacidad ociosa y enfrentan un consumo interno d\u00e9bil.<\/p>\n\n\n\n<p>Para los empresarios, el problema no pasa necesariamente por volver a cerrar la econom\u00eda, sino por generar condiciones que permitan a las empresas locales competir en igualdad de condiciones.<\/p>\n\n\n\n<p>La carga impositiva aparece nuevamente entre los principales reclamos. El sector sostiene que la elevada presi\u00f3n tributaria encarece la producci\u00f3n y dificulta las posibilidades de competir tanto en el mercado interno como en el exterior.<\/p>\n\n\n\n<p>\u201cMuchos apoyan el rumbo y creen que el sector privado tiene que ser el que sostiene el pa\u00eds, pero la mayor\u00eda entiende que hay que hacer cambios\u201d, resumi\u00f3 un alto ejecutivo de la UIA.<\/p>\n","protected":false},"excerpt":{"rendered":"<p>El embajador de Estados Unidos afirm\u00f3 que Washington seguir\u00e1 acompa\u00f1ando a la Argentina con inversi\u00f3n, tecnolog\u00eda y empleos de calidad. El mensaje lleg\u00f3 mientras la UIA reclama cambios para mejorar la competitividad de las empresas. El embajador de\u00a0Estados Unidos\u00a0en la Argentina,\u00a0Peter Lamelas,\u00a0volvi\u00f3 a respaldar p\u00fablicamente al\u00a0gobierno\u00a0de\u00a0Javier Milei\u00a0y destac\u00f3 las medidas econ\u00f3micas que impulsa la Casa [&hellip;]<\/p>\n","protected":false},"author":1,"featured_media":23249,"comment_status":"open","ping_status":"open","sticky":false,"template":"","format":"standard","meta":{"footnotes":""},"categories":[1],"tags":[],"_links":{"self":[{"href":"https:\/\/enlamira.info\/index.php\/wp-json\/wp\/v2\/posts\/23245"}],"collection":[{"href":"https:\/\/enlamira.info\/index.php\/wp-json\/wp\/v2\/posts"}],"about":[{"href":"https:\/\/enlamira.info\/index.php\/wp-json\/wp\/v2\/types\/post"}],"author":[{"embeddable":true,"href":"https:\/\/enlamira.info\/index.php\/wp-json\/wp\/v2\/users\/1"}],"replies":[{"embeddable":true,"href":"https:\/\/enlamira.info\/index.php\/wp-json\/wp\/v2\/comments?post=23245"}],"version-history":[{"count":1,"href":"https:\/\/enlamira.info\/index.php\/wp-json\/wp\/v2\/posts\/23245\/revisions"}],"predecessor-version":[{"id":23250,"href":"https:\/\/enlamira.info\/index.php\/wp-json\/wp\/v2\/posts\/23245\/revisions\/23250"}],"wp:featuredmedia":[{"embeddable":true,"href":"https:\/\/enlamira.info\/index.php\/wp-json\/wp\/v2\/media\/23249"}],"wp:attachment":[{"href":"https:\/\/enlamira.info\/index.php\/wp-json\/wp\/v2\/media?parent=23245"}],"wp:term":[{"taxonomy":"category","embeddable":true,"href":"https:\/\/enlamira.info\/index.php\/wp-json\/wp\/v2\/categories?post=23245"},{"taxonomy":"post_tag","embeddable":true,"href":"https:\/\/enlamira.info\/index.php\/wp-json\/wp\/v2\/tags?post=23245"}],"curies":[{"name":"wp","href":"https:\/\/api.w.org\/{rel}","templated":true}]}}