{"id":2324,"date":"2024-03-30T14:26:18","date_gmt":"2024-03-30T17:26:18","guid":{"rendered":"https:\/\/enlamira.info\/?p=2324"},"modified":"2024-03-30T14:39:47","modified_gmt":"2024-03-30T17:39:47","slug":"pullaro-exigio-bajar-ya-la-edad-de-imputabilidad-y-pidio-juzgar-a-los-menores-como-mayores","status":"publish","type":"post","link":"https:\/\/enlamira.info\/index.php\/2024\/03\/30\/pullaro-exigio-bajar-ya-la-edad-de-imputabilidad-y-pidio-juzgar-a-los-menores-como-mayores\/","title":{"rendered":"Pullaro exigi\u00f3 bajar ya la edad de imputabilidad y pidi\u00f3 juzgar a los menores como mayores"},"content":{"rendered":"\n<p>Tras la detenci\u00f3n del presunto asesino del playero de Rosario, de 15 a\u00f1os de edad, el gobernador de Santa Fe pidi\u00f3 \u201ccambiar la ley ya, con un debate sin prejuicios ni ataduras ideol\u00f3gicas\u201d.<\/p>\n\n\n\n<p>El gobernador de Santa Fe,\u00a0Maximiliano\u00a0Pullaro\u00a0plante\u00f3 la necesidad de\u00a0reformar de manera urgente el r\u00e9gimen penal juvenil\u00a0y propuso bajar la edad de\u00a0imputabilidad.<\/p>\n\n\n\n<p>\u201cTiene que haber una modificaci\u00f3n del C\u00f3digo Penal, que permita que a los menores de edad que cometen delitos de mayores de edad sean juzgados como mayores\u201d, exigi\u00f3 el mandatario provincial.<\/p>\n\n\n\n<p>Luego de la detenci\u00f3n del presunto\u00a0asesino\u00a0del playero de Rosario, la primera en expresarse fue la ministra de Seguridad,\u00a0Patricia\u00a0Bullrich, quien defendi\u00f3 la modificaci\u00f3n de la\u00a0Ley de Imputabilidad, que prepara junto a su par\u00a0Mariano C\u00faneo Libarona, ministro de Justicia,\u00a0para que los menores de edad puedan ser condenados a partir de los 14 a\u00f1os.<\/p>\n\n\n\n<p>En el marco de un clima de violencia que se apoder\u00f3 de la ciudad\u00a0santafecina, el pasado 10 de marzo ocurri\u00f3 el tr\u00e1gico\u00a0asesinato de un joven trabajador de 25 a\u00f1os\u00a0en una estaci\u00f3n de servicio de la ciudad. El crimen, perpetrado por un hombre armado que ingres\u00f3 a la oficina del comercio, agudiza la situaci\u00f3n de inseguridad en la localidad santafesina, inmersa en una\u00a0guerra narco\u00a0que no da respiro.<\/p>\n\n\n\n<p>El suceso tuvo lugar poco antes de medianoche del s\u00e1bado en la estaci\u00f3n de servicio ubicada en Mendoza al 7600, donde el atacante dispar\u00f3 tres veces contra la v\u00edctima, caus\u00e1ndole heridas fatales. A pesar de ser trasladado al hospital,\u00a0el joven falleci\u00f3 a causa de dos disparos en el pecho y uno en la cabeza.<\/p>\n\n\n\n<p>\u201cEs nuestra obligaci\u00f3n que, en casos como estos, se haga justicia. Ya est\u00e1 entrando al Congreso de la Naci\u00f3n la Ley de Imputabilidad, para que nunca m\u00e1s cr\u00edmenes como estos queden impunes\u201d, escribi\u00f3\u00a0<a href=\"https:\/\/www.nexofin.com\/notas\/1137787-patricia-bullrich-denuncio-al-ex-secretario-de-derechos-humanos-por-traicion-a-la-patria-n-\/\" target=\"_blank\" rel=\"noreferrer noopener\"><strong>Bullrich<\/strong>\u00a0<\/a>en sus redes sociales.<\/p>\n\n\n\n<p>\u201cEste chico tiene que pagar, no puede quedar impune lo que hizo. El da\u00f1o que le provoc\u00f3 a\u00a0Bruno Bussanich, que es la v\u00edctima, el da\u00f1o que le provoc\u00f3 a su familia, y el da\u00f1o que le provoc\u00f3 a la sociedad en su conjunto\u201d, asegur\u00f3\u00a0Pullaro. Y agreg\u00f3: \u201cYa hay que cambiar la ley, es urgente y es un debate que tiene que dar la Rep\u00fablica Argentina, sin preconceptos, sin prejuicios ni ataduras ideol\u00f3gicas\u201d.<\/p>\n\n\n\n<p>\u201cNo es excusa la marginalidad, la pobreza o la vulnerabilidad para cometer delitos extremos\u201d, advirti\u00f3 el gobernador de Santa Fe.<\/p>\n\n\n\n<p>Maximiliano Pullaro\u00a0puso en marcha desde que asumi\u00f3 la primera magistratura de Santa Fe un combate frontal contra las bandas narcocriminales que tienen base en Rosario, y ramificaciones en otras localidades de la provincia y del interior del pa\u00eds.<\/p>\n\n\n\n<p>En estos d\u00edas, un informe extraoficial que tienen las fuerzas de seguridad que revela que a fines de marzo del a\u00f1o pasado se hab\u00edan registrado 84 homicidios, mientras que en el mismo lapso pero de este a\u00f1o, ese mismo n\u00famero llegaba a 32, casi un tercio del pico cuando en Santa Fe gobernaba el peronista Omar Perotti, y en la Naci\u00f3n el presidente era Alberto Fern\u00e1ndez.<\/p>\n\n\n\n<p>\u201cHay gente de buena fe, que quiere cambiar las cosas y est\u00e1 comprometida\u201d,\u00a0Pullaro\u00a0se refiri\u00f3 al presidente: \u201cA m\u00ed no me ofende ni el Twitter, ni una declaraci\u00f3n, ni los trolls, son cuestiones menores. Discutir lo que dicen los trolls, discutir lo que dicen los militantes en las redes sociales, o un retuit o un like del presidente es una cuesti\u00f3n completamente secundaria\u201d, asegur\u00f3.<\/p>\n\n\n\n<p>Y, adem\u00e1s, habl\u00f3 de la UCR, tras las tensiones internas que se desataron tras el rechazo en el Senado del DNU que desregul\u00f3 la econom\u00eda: \u201cEl radicalismo tiene a la persona m\u00e1s capaz y l\u00facida como presidente, que es Mart\u00edn Lousteau. Lo que nos falta es escucharnos\u201d, manifest\u00f3.<\/p>\n","protected":false},"excerpt":{"rendered":"<p>Tras la detenci\u00f3n del presunto asesino del playero de Rosario, de 15 a\u00f1os de edad, el gobernador de Santa Fe pidi\u00f3 \u201ccambiar la ley ya, con un debate sin prejuicios ni ataduras ideol\u00f3gicas\u201d. El gobernador de Santa Fe,\u00a0Maximiliano\u00a0Pullaro\u00a0plante\u00f3 la necesidad de\u00a0reformar de manera urgente el r\u00e9gimen penal juvenil\u00a0y propuso bajar la edad de\u00a0imputabilidad. \u201cTiene que [&hellip;]<\/p>\n","protected":false},"author":2,"featured_media":2326,"comment_status":"open","ping_status":"open","sticky":false,"template":"","format":"standard","meta":{"footnotes":""},"categories":[20],"tags":[],"_links":{"self":[{"href":"https:\/\/enlamira.info\/index.php\/wp-json\/wp\/v2\/posts\/2324"}],"collection":[{"href":"https:\/\/enlamira.info\/index.php\/wp-json\/wp\/v2\/posts"}],"about":[{"href":"https:\/\/enlamira.info\/index.php\/wp-json\/wp\/v2\/types\/post"}],"author":[{"embeddable":true,"href":"https:\/\/enlamira.info\/index.php\/wp-json\/wp\/v2\/users\/2"}],"replies":[{"embeddable":true,"href":"https:\/\/enlamira.info\/index.php\/wp-json\/wp\/v2\/comments?post=2324"}],"version-history":[{"count":1,"href":"https:\/\/enlamira.info\/index.php\/wp-json\/wp\/v2\/posts\/2324\/revisions"}],"predecessor-version":[{"id":2325,"href":"https:\/\/enlamira.info\/index.php\/wp-json\/wp\/v2\/posts\/2324\/revisions\/2325"}],"wp:featuredmedia":[{"embeddable":true,"href":"https:\/\/enlamira.info\/index.php\/wp-json\/wp\/v2\/media\/2326"}],"wp:attachment":[{"href":"https:\/\/enlamira.info\/index.php\/wp-json\/wp\/v2\/media?parent=2324"}],"wp:term":[{"taxonomy":"category","embeddable":true,"href":"https:\/\/enlamira.info\/index.php\/wp-json\/wp\/v2\/categories?post=2324"},{"taxonomy":"post_tag","embeddable":true,"href":"https:\/\/enlamira.info\/index.php\/wp-json\/wp\/v2\/tags?post=2324"}],"curies":[{"name":"wp","href":"https:\/\/api.w.org\/{rel}","templated":true}]}}