{"id":23234,"date":"2026-09-01T22:11:33","date_gmt":"2026-09-02T01:11:33","guid":{"rendered":"https:\/\/enlamira.info\/?p=23234"},"modified":"2026-09-01T22:11:53","modified_gmt":"2026-09-02T01:11:53","slug":"en-medio-de-los-rumores-sobre-un-acuerdo-electoral-myriam-bregman-dijo-que-indultaria-a-cristina-kirchner","status":"publish","type":"post","link":"https:\/\/enlamira.info\/index.php\/2026\/09\/01\/en-medio-de-los-rumores-sobre-un-acuerdo-electoral-myriam-bregman-dijo-que-indultaria-a-cristina-kirchner\/","title":{"rendered":"En medio de los rumores sobre un acuerdo electoral, Myriam Bregman dijo que indultar\u00eda a Cristina Kirchner"},"content":{"rendered":"\n<p>La referente del Frente de Izquierda asegur\u00f3 que la expresidenta \u201cest\u00e1 injustamente presa\u201d y tambi\u00e9n critic\u00f3 la gesti\u00f3n de Javier Milei.<\/p>\n\n\n\n<p><strong>Myriam Bregman<\/strong>\u00a0remarc\u00f3 que\u00a0<strong>\u201cyo no tengo nada que ver con Cristina Kirchner\u201d<\/strong>, pero afirm\u00f3 que la\u00a0exmandataria\u00a0<strong>\u201cest\u00e1<\/strong>\u00a0<strong>injustamente presa\u201d<\/strong>, se\u00f1alando que lo manifiesta \u201cincluso m\u00e1s que muchos\u201d de su propio espacio pol\u00edtico.<\/p>\n\n\n\n<p>La referente del&nbsp;<strong>Frente de Izquierda<\/strong>&nbsp;cuestion\u00f3 duramente a la gesti\u00f3n de&nbsp;<strong>Javier Milei<\/strong>&nbsp;durante su paso por&nbsp;<em>Cr\u00f3nica<\/em><strong>,&nbsp;<\/strong><em>El Streaming,<\/em>&nbsp;advirtiendo que&nbsp;<strong>\u201ca este gobierno con amenazarlo no hac\u00e9s nada\u201d<\/strong>.<\/p>\n\n\n\n<figure class=\"wp-block-image\"><img decoding=\"async\" src=\"https:\/\/www.nexofin.com\/archivos\/2026\/09\/javier-milei-y-myriam-bregman-en-el-debate-l62swzus7zb47om4vbbnwb47re-300x200.avif\" alt=\"\" class=\"wp-image-1293181\"\/><\/figure>\n\n\n\n<p>En esa l\u00ednea, plante\u00f3 que la alternativa al\u00a0oficialismo\u00a0debe disputar el sistema y sentenci\u00f3:\u00a0<strong>\u201cMilei gan\u00f3 pateando el tablero por derecha; yo quiero patear el tablero por izquierda\u201d<\/strong>, descartando frentes opositores vac\u00edos.<\/p>\n\n\n\n<p>Sobre el plano\u00a0econ\u00f3mico, la dirigente ratific\u00f3 su rechazo a los compromisos internacionales y exigi\u00f3\u00a0<strong>\u201cromper con el Fondo Monetario Internacional\u201d<\/strong>\u00a0para\u00a0<strong>\u201cdesconocer esa deuda de forma soberana\u201d<\/strong>.<\/p>\n\n\n\n<p>Finalmente, convoc\u00f3 a superar las estructuras tradicionales afirmando que&nbsp;<strong>\u201cbasta de jefecitos que dan \u00f3rdenes desde arriba\u201d<\/strong>, y concluy\u00f3 convocando a la ciudadan\u00eda a&nbsp;<strong>\u201cautoorganizarse\u201d<\/strong>&nbsp;desde las bases frente a la coyuntura nacional.<\/p>\n","protected":false},"excerpt":{"rendered":"<p>La referente del Frente de Izquierda asegur\u00f3 que la expresidenta \u201cest\u00e1 injustamente presa\u201d y tambi\u00e9n critic\u00f3 la gesti\u00f3n de Javier Milei. Myriam Bregman\u00a0remarc\u00f3 que\u00a0\u201cyo no tengo nada que ver con Cristina Kirchner\u201d, pero afirm\u00f3 que la\u00a0exmandataria\u00a0\u201cest\u00e1\u00a0injustamente presa\u201d, se\u00f1alando que lo manifiesta \u201cincluso m\u00e1s que muchos\u201d de su propio espacio pol\u00edtico. La referente del&nbsp;Frente de Izquierda&nbsp;cuestion\u00f3 [&hellip;]<\/p>\n","protected":false},"author":1,"featured_media":23242,"comment_status":"open","ping_status":"open","sticky":false,"template":"","format":"standard","meta":{"footnotes":""},"categories":[1,20],"tags":[],"_links":{"self":[{"href":"https:\/\/enlamira.info\/index.php\/wp-json\/wp\/v2\/posts\/23234"}],"collection":[{"href":"https:\/\/enlamira.info\/index.php\/wp-json\/wp\/v2\/posts"}],"about":[{"href":"https:\/\/enlamira.info\/index.php\/wp-json\/wp\/v2\/types\/post"}],"author":[{"embeddable":true,"href":"https:\/\/enlamira.info\/index.php\/wp-json\/wp\/v2\/users\/1"}],"replies":[{"embeddable":true,"href":"https:\/\/enlamira.info\/index.php\/wp-json\/wp\/v2\/comments?post=23234"}],"version-history":[{"count":1,"href":"https:\/\/enlamira.info\/index.php\/wp-json\/wp\/v2\/posts\/23234\/revisions"}],"predecessor-version":[{"id":23241,"href":"https:\/\/enlamira.info\/index.php\/wp-json\/wp\/v2\/posts\/23234\/revisions\/23241"}],"wp:featuredmedia":[{"embeddable":true,"href":"https:\/\/enlamira.info\/index.php\/wp-json\/wp\/v2\/media\/23242"}],"wp:attachment":[{"href":"https:\/\/enlamira.info\/index.php\/wp-json\/wp\/v2\/media?parent=23234"}],"wp:term":[{"taxonomy":"category","embeddable":true,"href":"https:\/\/enlamira.info\/index.php\/wp-json\/wp\/v2\/categories?post=23234"},{"taxonomy":"post_tag","embeddable":true,"href":"https:\/\/enlamira.info\/index.php\/wp-json\/wp\/v2\/tags?post=23234"}],"curies":[{"name":"wp","href":"https:\/\/api.w.org\/{rel}","templated":true}]}}