{"id":23233,"date":"2026-09-01T22:10:07","date_gmt":"2026-09-02T01:10:07","guid":{"rendered":"https:\/\/enlamira.info\/?p=23233"},"modified":"2026-09-01T22:10:07","modified_gmt":"2026-09-02T01:10:07","slug":"a-cuatro-anos-del-atentado-contra-cristina-kirchner-maximo-pidio-que-sea-candidata-en-2027","status":"publish","type":"post","link":"https:\/\/enlamira.info\/index.php\/2026\/09\/01\/a-cuatro-anos-del-atentado-contra-cristina-kirchner-maximo-pidio-que-sea-candidata-en-2027\/","title":{"rendered":"A cuatro a\u00f1os del atentado contra Cristina Kirchner, M\u00e1ximo pidi\u00f3 que sea candidata en 2027"},"content":{"rendered":"\n<p>El kirchnerismo conmemor\u00f3 el aniversario del intento de magnicidio en San Jos\u00e9 1111. El gobernador Axel Kicillof no asisti\u00f3 y tampoco firm\u00f3 el documento conjunto que s\u00ed respaldaron Sergio Massa y Miguel \u00c1ngel Pichetto.<\/p>\n\n\n\n<p>El kirchnerismo conmemor\u00f3 el cuarto aniversario del<strong>\u00a0atentado contra<\/strong>\u00a0<strong>Cristina Fern\u00e1ndez de Kirchner<\/strong>\u00a0con un acto central encabezado por\u00a0<strong>M\u00e1ximo Kirchner<\/strong>\u00a0en las inmediaciones de\u00a0San Jos\u00e9 1111.\u00a0El dirigente areng\u00f3 a la militancia y asegur\u00f3 que la exmandataria \u201c<strong>se prepara y por eso fue a la ONU<\/strong>\u201d.<\/p>\n\n\n\n<p>Durante la movilizaci\u00f3n, el diputado critic\u00f3 al Poder Judicial y denunci\u00f3 que a la\u00a0expresidenta\u00a0\u201c<strong>la tienen secuestrada ah\u00ed arriba<\/strong>\u201d en su domicilio. Asimismo, cuestion\u00f3 con dureza las medidas econ\u00f3micas de la administraci\u00f3n de\u00a0<strong>Javier Milei.<\/strong><\/p>\n\n\n\n<p>El evento evidenci\u00f3 tensiones internas en el peronismo debido a la ausencia del gobernador bonaerense&nbsp;<strong>Axel Kicillof<\/strong>, quien no firm\u00f3 el documento oficial de respaldo.<\/p>\n\n\n\n<p>Adem\u00e1s, el diputado\u00a0nacional\u00a0reclam\u00f3 que\u00a0<strong>\u201cla investigaci\u00f3n no haya arrojado ning\u00fan resultado\u201d<\/strong>\u00a0sobre los autores intelectuales del ataque ejecutado por\u00a0<strong>Fernando Sabag Montiel<\/strong>.<\/p>\n\n\n\n<p>En contraste, el comunicado conjunto titulado \u201c<strong>La democracia no admite la eliminaci\u00f3n del adversario<\/strong>\u201d reuni\u00f3 las r\u00fabricas de referentes como&nbsp;<strong>Sergio Massa<\/strong>,&nbsp;<strong>Jos\u00e9 Mayans<\/strong>&nbsp;y&nbsp;<strong>Miguel \u00c1ngel Pichetto<\/strong>.<\/p>\n\n\n\n<p>Para cerrar la jornada al cumplirse cuatro a\u00f1os del fallido magnicidio,\u00a0<strong>Cristina Fern\u00e1ndez\u00a0salud\u00f3 desde el balc\u00f3n<\/strong>\u00a0a los simpatizantes congregados. Desde su entorno aguardan para\u00a0<strong>octubre pr\u00f3ximo<\/strong>\u00a0un\u00a0pronunciamiento\u00a0favorable de organismos internacionales sobre sus derechos pol\u00edticos.<\/p>\n","protected":false},"excerpt":{"rendered":"<p>El kirchnerismo conmemor\u00f3 el aniversario del intento de magnicidio en San Jos\u00e9 1111. El gobernador Axel Kicillof no asisti\u00f3 y tampoco firm\u00f3 el documento conjunto que s\u00ed respaldaron Sergio Massa y Miguel \u00c1ngel Pichetto. El kirchnerismo conmemor\u00f3 el cuarto aniversario del\u00a0atentado contra\u00a0Cristina Fern\u00e1ndez de Kirchner\u00a0con un acto central encabezado por\u00a0M\u00e1ximo Kirchner\u00a0en las inmediaciones de\u00a0San Jos\u00e9 [&hellip;]<\/p>\n","protected":false},"author":1,"featured_media":23239,"comment_status":"open","ping_status":"open","sticky":false,"template":"","format":"standard","meta":{"footnotes":""},"categories":[1],"tags":[],"_links":{"self":[{"href":"https:\/\/enlamira.info\/index.php\/wp-json\/wp\/v2\/posts\/23233"}],"collection":[{"href":"https:\/\/enlamira.info\/index.php\/wp-json\/wp\/v2\/posts"}],"about":[{"href":"https:\/\/enlamira.info\/index.php\/wp-json\/wp\/v2\/types\/post"}],"author":[{"embeddable":true,"href":"https:\/\/enlamira.info\/index.php\/wp-json\/wp\/v2\/users\/1"}],"replies":[{"embeddable":true,"href":"https:\/\/enlamira.info\/index.php\/wp-json\/wp\/v2\/comments?post=23233"}],"version-history":[{"count":1,"href":"https:\/\/enlamira.info\/index.php\/wp-json\/wp\/v2\/posts\/23233\/revisions"}],"predecessor-version":[{"id":23240,"href":"https:\/\/enlamira.info\/index.php\/wp-json\/wp\/v2\/posts\/23233\/revisions\/23240"}],"wp:featuredmedia":[{"embeddable":true,"href":"https:\/\/enlamira.info\/index.php\/wp-json\/wp\/v2\/media\/23239"}],"wp:attachment":[{"href":"https:\/\/enlamira.info\/index.php\/wp-json\/wp\/v2\/media?parent=23233"}],"wp:term":[{"taxonomy":"category","embeddable":true,"href":"https:\/\/enlamira.info\/index.php\/wp-json\/wp\/v2\/categories?post=23233"},{"taxonomy":"post_tag","embeddable":true,"href":"https:\/\/enlamira.info\/index.php\/wp-json\/wp\/v2\/tags?post=23233"}],"curies":[{"name":"wp","href":"https:\/\/api.w.org\/{rel}","templated":true}]}}