{"id":23232,"date":"2026-09-01T22:06:48","date_gmt":"2026-09-02T01:06:48","guid":{"rendered":"https:\/\/enlamira.info\/?p=23232"},"modified":"2026-09-01T22:08:07","modified_gmt":"2026-09-02T01:08:07","slug":"javier-milei-cruzo-al-periodismo-por-las-criticas-a-su-proxima-cadena-nacional-sobre-malvinas","status":"publish","type":"post","link":"https:\/\/enlamira.info\/index.php\/2026\/09\/01\/javier-milei-cruzo-al-periodismo-por-las-criticas-a-su-proxima-cadena-nacional-sobre-malvinas\/","title":{"rendered":"Javier Milei cruz\u00f3 al periodismo por las cr\u00edticas a su pr\u00f3xima cadena nacional sobre Malvinas"},"content":{"rendered":"\n<p>El Presidente acus\u00f3 a un sector de la prensa de defender los intereses extranjeros y asegur\u00f3 que \u201cnosotros seguiremos defendiendo\u201d los de la \u201cNaci\u00f3n Argentina con u\u00f1as y dientes\u201d.<\/p>\n\n\n\n<p>El presidente&nbsp;<strong>Javier Milei<\/strong>&nbsp;cuestion\u00f3 duramente a los medios de comunicaci\u00f3n a trav\u00e9s de un mensaje en sus redes sociales, donde tild\u00f3 a un sector de la prensa de \u201c<strong>mierdas humanas (95%)<\/strong>\u201d por cuestionar la utilizaci\u00f3n de la&nbsp;<strong>cadena nacional,&nbsp;<\/strong>convocada para este jueves a las 21:00, para abordar el tema&nbsp;Malvinas.<\/p>\n\n\n\n<p>El mandatario defendi\u00f3 la medida argumentando que se trata de un asunto fundamental para el&nbsp;p<a href=\"https:\/\/www.nexofin.com\/notas\/1293048-la-reaccion-del-gobierno-a-los-dichos-de-trump-sobre-malvinas-estan-en-el-centro-del-corazon-de-cada-argentino-n-\/\" target=\"_blank\" rel=\"noreferrer noopener\">a\u00eds<\/a>. En su publicaci\u00f3n, se pregunt\u00f3: \u201c<strong>\u00bfSi este tema, que desconocen absolutamente, no amerita una cadena nacional, que tema lo ameritar\u00eda?<\/strong>\u201d, y acus\u00f3 a los cr\u00edticos de defender intereses extranjeros.<\/p>\n\n\n\n<p><\/p>\n\n\n\n<p>El&nbsp;anuncio&nbsp;oficial se produjo este martes tras la reuni\u00f3n de Gabinete en la Casa Rosada, donde el canciller&nbsp;<strong>Pablo Quirno<\/strong>&nbsp;expuso las gestiones diplom\u00e1ticas del \u00e1rea. La centralidad del encuentro estuvo marcada por la reciente postura de&nbsp;<strong>Estados Unidos<\/strong>&nbsp;sobre el archipi\u00e9lago.<\/p>\n\n\n\n<p>El discurso presidencial buscar\u00e1 responder al amague de la administraci\u00f3n de&nbsp;<strong>Donald Trump<\/strong>&nbsp;de abandonar su neutralidad respecto a la soberan\u00eda de las islas. Se espera que el jefe de Estado enfatice la necesidad de una soluci\u00f3n multilateral frente a la explotaci\u00f3n petrolera&nbsp;brit\u00e1nica.<\/p>\n\n\n\n<p>Para cerrar su descargo en redes sociales, el l\u00edder libertario ratific\u00f3 que continuar\u00e1 firme en su postura y concluy\u00f3 con su habitual consigna: \u201c<strong>Nosotros seguiremos defendiendo los intereses de la Naci\u00f3n Argentina con u\u00f1as y dientes<\/strong>\u201d.<\/p>\n","protected":false},"excerpt":{"rendered":"<p>El Presidente acus\u00f3 a un sector de la prensa de defender los intereses extranjeros y asegur\u00f3 que \u201cnosotros seguiremos defendiendo\u201d los de la \u201cNaci\u00f3n Argentina con u\u00f1as y dientes\u201d. El presidente&nbsp;Javier Milei&nbsp;cuestion\u00f3 duramente a los medios de comunicaci\u00f3n a trav\u00e9s de un mensaje en sus redes sociales, donde tild\u00f3 a un sector de la prensa [&hellip;]<\/p>\n","protected":false},"author":1,"featured_media":23237,"comment_status":"open","ping_status":"open","sticky":false,"template":"","format":"standard","meta":{"footnotes":""},"categories":[1,20],"tags":[],"_links":{"self":[{"href":"https:\/\/enlamira.info\/index.php\/wp-json\/wp\/v2\/posts\/23232"}],"collection":[{"href":"https:\/\/enlamira.info\/index.php\/wp-json\/wp\/v2\/posts"}],"about":[{"href":"https:\/\/enlamira.info\/index.php\/wp-json\/wp\/v2\/types\/post"}],"author":[{"embeddable":true,"href":"https:\/\/enlamira.info\/index.php\/wp-json\/wp\/v2\/users\/1"}],"replies":[{"embeddable":true,"href":"https:\/\/enlamira.info\/index.php\/wp-json\/wp\/v2\/comments?post=23232"}],"version-history":[{"count":2,"href":"https:\/\/enlamira.info\/index.php\/wp-json\/wp\/v2\/posts\/23232\/revisions"}],"predecessor-version":[{"id":23238,"href":"https:\/\/enlamira.info\/index.php\/wp-json\/wp\/v2\/posts\/23232\/revisions\/23238"}],"wp:featuredmedia":[{"embeddable":true,"href":"https:\/\/enlamira.info\/index.php\/wp-json\/wp\/v2\/media\/23237"}],"wp:attachment":[{"href":"https:\/\/enlamira.info\/index.php\/wp-json\/wp\/v2\/media?parent=23232"}],"wp:term":[{"taxonomy":"category","embeddable":true,"href":"https:\/\/enlamira.info\/index.php\/wp-json\/wp\/v2\/categories?post=23232"},{"taxonomy":"post_tag","embeddable":true,"href":"https:\/\/enlamira.info\/index.php\/wp-json\/wp\/v2\/tags?post=23232"}],"curies":[{"name":"wp","href":"https:\/\/api.w.org\/{rel}","templated":true}]}}