{"id":23219,"date":"2026-09-01T00:26:24","date_gmt":"2026-09-01T03:26:24","guid":{"rendered":"https:\/\/enlamira.info\/?p=23219"},"modified":"2026-09-01T00:26:24","modified_gmt":"2026-09-01T03:26:24","slug":"el-hospital-garrahan-desvinculo-a-una-sindicalista-por-no-atender-pacientes-en-todo-un-ano","status":"publish","type":"post","link":"https:\/\/enlamira.info\/index.php\/2026\/09\/01\/el-hospital-garrahan-desvinculo-a-una-sindicalista-por-no-atender-pacientes-en-todo-un-ano\/","title":{"rendered":"El Hospital Garrahan desvincul\u00f3 a una sindicalista por no atender pacientes en todo un a\u00f1o"},"content":{"rendered":"\n<p>Norma Lezana estuvo plenamente dedicada a actividades gremiales durante 2025, seg\u00fan el sumario interno de la instituci\u00f3n de salud.<\/p>\n\n\n\n<p>El\u00a0<strong>Hospital Garrahan<\/strong>\u00a0desvincul\u00f3 a la nutricionista y referente\u00a0sindical\u00a0<strong>Norma Lezana<\/strong>\u00a0tras un sumario que determin\u00f3 la\u00a0<strong>falta de tareas asistenciales<\/strong>\u00a0durante\u00a0<strong>2025<\/strong>.<\/p>\n\n\n\n<p>El proceso comprob\u00f3 la ausencia de registros de atenci\u00f3n a pacientes y su\u00a0<strong>plena dedicaci\u00f3n a actividades gremiales.<\/strong>\u00a0La medida se enmarca en un fortalecimiento institucional de recursos p\u00fablicos<\/p>\n\n\n\n<p>El establecimiento m\u00e9dico se\u00f1al\u00f3 que la delegada\u00a0<strong>\u201cno atendi\u00f3 a ning\u00fan paciente\u201d<\/strong>\u00a0e incumpli\u00f3 con su puesto\u00a0laboral, participando activamente en medidas de fuerza y en la ocupaci\u00f3n de oficinas.<\/p>\n\n\n\n<p><img loading=\"lazy\" decoding=\"async\" src=\"https:\/\/www.nexofin.com\/archivos\/2026\/08\/los-medicos-del-hospital-garrahan-piden-mejoras-xb3wigh6p5ctnoj4l7u3tzgvmq-300x200.avif\" alt=\"\" width=\"1784\" height=\"1189\" srcset=\"https:\/\/www.nexofin.com\/archivos\/2026\/08\/los-medicos-del-hospital-garrahan-piden-mejoras-xb3wigh6p5ctnoj4l7u3tzgvmq-300x200.avif 300w, https:\/\/www.nexofin.com\/archivos\/2026\/08\/los-medicos-del-hospital-garrahan-piden-mejoras-xb3wigh6p5ctnoj4l7u3tzgvmq-1024x683.avif 1024w, https:\/\/www.nexofin.com\/archivos\/2026\/08\/los-medicos-del-hospital-garrahan-piden-mejoras-xb3wigh6p5ctnoj4l7u3tzgvmq-768x512.avif 768w, https:\/\/www.nexofin.com\/archivos\/2026\/08\/los-medicos-del-hospital-garrahan-piden-mejoras-xb3wigh6p5ctnoj4l7u3tzgvmq.avif 1200w\"><\/p>\n\n\n\n<p id=\"caption-attachment-1293027\">Hospital Garrahan<\/p>\n\n\n\n<p>Como Lezana posee tutela sindical, el expediente incluy\u00f3 un&nbsp;<strong>pedido judicial para retirarla.<\/strong>&nbsp;Hasta que un juez se expida, la nutricionista continuar\u00e1 concurriendo al centro de salud.<\/p>\n\n\n\n<p>La\u00a0instituci\u00f3n\u00a0ratific\u00f3 su prioridad en la atenci\u00f3n de ni\u00f1os y contin\u00faa ejecutando planes de infraestructura, equipamiento y<strong>\u00a0mejoras salariales<\/strong>\u00a0para el personal que cumple funciones.<\/p>\n","protected":false},"excerpt":{"rendered":"<p>Norma Lezana estuvo plenamente dedicada a actividades gremiales durante 2025, seg\u00fan el sumario interno de la instituci\u00f3n de salud. El\u00a0Hospital Garrahan\u00a0desvincul\u00f3 a la nutricionista y referente\u00a0sindical\u00a0Norma Lezana\u00a0tras un sumario que determin\u00f3 la\u00a0falta de tareas asistenciales\u00a0durante\u00a02025. El proceso comprob\u00f3 la ausencia de registros de atenci\u00f3n a pacientes y su\u00a0plena dedicaci\u00f3n a actividades gremiales.\u00a0La medida se enmarca [&hellip;]<\/p>\n","protected":false},"author":1,"featured_media":23225,"comment_status":"open","ping_status":"open","sticky":false,"template":"","format":"standard","meta":{"footnotes":""},"categories":[20],"tags":[],"_links":{"self":[{"href":"https:\/\/enlamira.info\/index.php\/wp-json\/wp\/v2\/posts\/23219"}],"collection":[{"href":"https:\/\/enlamira.info\/index.php\/wp-json\/wp\/v2\/posts"}],"about":[{"href":"https:\/\/enlamira.info\/index.php\/wp-json\/wp\/v2\/types\/post"}],"author":[{"embeddable":true,"href":"https:\/\/enlamira.info\/index.php\/wp-json\/wp\/v2\/users\/1"}],"replies":[{"embeddable":true,"href":"https:\/\/enlamira.info\/index.php\/wp-json\/wp\/v2\/comments?post=23219"}],"version-history":[{"count":1,"href":"https:\/\/enlamira.info\/index.php\/wp-json\/wp\/v2\/posts\/23219\/revisions"}],"predecessor-version":[{"id":23226,"href":"https:\/\/enlamira.info\/index.php\/wp-json\/wp\/v2\/posts\/23219\/revisions\/23226"}],"wp:featuredmedia":[{"embeddable":true,"href":"https:\/\/enlamira.info\/index.php\/wp-json\/wp\/v2\/media\/23225"}],"wp:attachment":[{"href":"https:\/\/enlamira.info\/index.php\/wp-json\/wp\/v2\/media?parent=23219"}],"wp:term":[{"taxonomy":"category","embeddable":true,"href":"https:\/\/enlamira.info\/index.php\/wp-json\/wp\/v2\/categories?post=23219"},{"taxonomy":"post_tag","embeddable":true,"href":"https:\/\/enlamira.info\/index.php\/wp-json\/wp\/v2\/tags?post=23219"}],"curies":[{"name":"wp","href":"https:\/\/api.w.org\/{rel}","templated":true}]}}