{"id":23217,"date":"2026-09-01T00:20:30","date_gmt":"2026-09-01T03:20:30","guid":{"rendered":"https:\/\/enlamira.info\/?p=23217"},"modified":"2026-09-01T00:23:02","modified_gmt":"2026-09-01T03:23:02","slug":"el-gobierno-oficializara-por-decreto-un-aumento-escalonado-del-salario-minimo-hasta-437-000","status":"publish","type":"post","link":"https:\/\/enlamira.info\/index.php\/2026\/09\/01\/el-gobierno-oficializara-por-decreto-un-aumento-escalonado-del-salario-minimo-hasta-437-000\/","title":{"rendered":"El Gobierno oficializar\u00e1 por decreto un aumento escalonado del salario m\u00ednimo hasta $437.000"},"content":{"rendered":"\n<p>La decisi\u00f3n del Ejecutivo parte del fracaso del Consejo del Salario, cuando la CGT y las dos CTA rechazaron la propuesta empresaria y abandonaron la reuni\u00f3n.<\/p>\n\n\n\n<p>Tras el fracaso del&nbsp;<strong>Consejo del Salario<\/strong>, el&nbsp;Gobierno&nbsp;fijar\u00e1 por decreto un&nbsp;<strong>aumento escalonado<\/strong>&nbsp;mensual para llevar el&nbsp;<strong>Salario M\u00ednimo Vital y M\u00f3vil<\/strong>&nbsp;a&nbsp;<strong>$437.000<\/strong>&nbsp;en&nbsp;<strong>abril de 2027<\/strong>, partiendo desde los&nbsp;<strong>$376.600<\/strong>&nbsp;actuales.<\/p>\n\n\n\n<p>El cronograma oficial se extender\u00e1 a lo largo de ocho meses, comenzando en septiembre con un haber de&nbsp;<strong>$383.800<\/strong>&nbsp;y subas consecutivas hasta alcanzar el tope previsto, incluyendo un ajuste proporcional para los&nbsp;trabajadores&nbsp;jornalizados que elevar\u00e1 la hora de&nbsp;<strong>$1883<\/strong>&nbsp;a&nbsp;<strong>$2185<\/strong>.<\/p>\n\n\n\n<p>La medida se instrumenta luego de que la\u00a0<strong>CGT<\/strong>\u00a0y las dos\u00a0<strong>CTA<\/strong>\u00a0rechazaran la propuesta empresaria durante la reuni\u00f3n virtual y se retiraran del c\u00f3nclave, dejando nuevamente en manos del Poder Ejecutivo la definici\u00f3n ante la\u00a0falta de consenso.<\/p>\n\n\n\n<p>En este contexto, informes del&nbsp;<strong>IIEP<\/strong>&nbsp;de la&nbsp;<strong>UBA<\/strong>&nbsp;advirtieron que el haber real acumul\u00f3 una&nbsp;<strong>ca\u00edda de 40,5%<\/strong>&nbsp;entre noviembre de 2023 y julio de 2026, evidenciando el fuerte deterioro del poder adquisitivo.<\/p>\n\n\n\n<p>Paralelamente, desde el oficialismo se abrieron canales informales para sugerir&nbsp;<strong>nuevas negociaciones colectivas<\/strong>&nbsp;entre c\u00e1maras empresarias y sindicatos, buscando que los sueldos de&nbsp;convenio&nbsp;alcancen un piso bruto cercano al&nbsp;<strong>mill\u00f3n de pesos<\/strong>&nbsp;en el marco de la nueva ley laboral.<\/p>\n","protected":false},"excerpt":{"rendered":"<p>La decisi\u00f3n del Ejecutivo parte del fracaso del Consejo del Salario, cuando la CGT y las dos CTA rechazaron la propuesta empresaria y abandonaron la reuni\u00f3n. Tras el fracaso del&nbsp;Consejo del Salario, el&nbsp;Gobierno&nbsp;fijar\u00e1 por decreto un&nbsp;aumento escalonado&nbsp;mensual para llevar el&nbsp;Salario M\u00ednimo Vital y M\u00f3vil&nbsp;a&nbsp;$437.000&nbsp;en&nbsp;abril de 2027, partiendo desde los&nbsp;$376.600&nbsp;actuales. El cronograma oficial se extender\u00e1 a [&hellip;]<\/p>\n","protected":false},"author":1,"featured_media":23221,"comment_status":"open","ping_status":"open","sticky":false,"template":"","format":"standard","meta":{"footnotes":""},"categories":[21],"tags":[],"_links":{"self":[{"href":"https:\/\/enlamira.info\/index.php\/wp-json\/wp\/v2\/posts\/23217"}],"collection":[{"href":"https:\/\/enlamira.info\/index.php\/wp-json\/wp\/v2\/posts"}],"about":[{"href":"https:\/\/enlamira.info\/index.php\/wp-json\/wp\/v2\/types\/post"}],"author":[{"embeddable":true,"href":"https:\/\/enlamira.info\/index.php\/wp-json\/wp\/v2\/users\/1"}],"replies":[{"embeddable":true,"href":"https:\/\/enlamira.info\/index.php\/wp-json\/wp\/v2\/comments?post=23217"}],"version-history":[{"count":3,"href":"https:\/\/enlamira.info\/index.php\/wp-json\/wp\/v2\/posts\/23217\/revisions"}],"predecessor-version":[{"id":23224,"href":"https:\/\/enlamira.info\/index.php\/wp-json\/wp\/v2\/posts\/23217\/revisions\/23224"}],"wp:featuredmedia":[{"embeddable":true,"href":"https:\/\/enlamira.info\/index.php\/wp-json\/wp\/v2\/media\/23221"}],"wp:attachment":[{"href":"https:\/\/enlamira.info\/index.php\/wp-json\/wp\/v2\/media?parent=23217"}],"wp:term":[{"taxonomy":"category","embeddable":true,"href":"https:\/\/enlamira.info\/index.php\/wp-json\/wp\/v2\/categories?post=23217"},{"taxonomy":"post_tag","embeddable":true,"href":"https:\/\/enlamira.info\/index.php\/wp-json\/wp\/v2\/tags?post=23217"}],"curies":[{"name":"wp","href":"https:\/\/api.w.org\/{rel}","templated":true}]}}