{"id":23210,"date":"2026-08-31T21:20:02","date_gmt":"2026-09-01T00:20:02","guid":{"rendered":"https:\/\/enlamira.info\/?p=23210"},"modified":"2026-08-31T21:20:02","modified_gmt":"2026-09-01T00:20:02","slug":"avellaneda-contaminada-vecinos-de-sarandi-denuncian-el-humo-toxico-de-una-fundidora-que-opera-sin-control","status":"publish","type":"post","link":"https:\/\/enlamira.info\/index.php\/2026\/08\/31\/avellaneda-contaminada-vecinos-de-sarandi-denuncian-el-humo-toxico-de-una-fundidora-que-opera-sin-control\/","title":{"rendered":"AVELLANEDA CONTAMINADA: Vecinos de Sarand\u00ed denuncian el humo t\u00f3xico de una fundidora que opera sin control"},"content":{"rendered":"\n<p><strong>Familias que residen sobre la calle Luj\u00e1n denuncian que la f\u00e1brica &#8220;Lacroze S.A.&#8221; volvi\u00f3 a cubrir la zona de humo negro este lunes. Los reclamos llevan m\u00e1s de una d\u00e9cada en el municipio, con pedidos de informes en el Concejo Deliberante y registros de alertas de salud por problemas respiratorios, alergias y contaminaci\u00f3n del aire.<\/strong><\/p>\n\n\n\n<p>El reclamo por el aire puro y el derecho a la salud vuelve a movilizar a los habitantes de Sarand\u00ed, en el partido de Avellaneda. Este lunes 31 de agosto, pasadas las 12:50 hs, las chimeneas de la planta ubicada en Luj\u00e1n 1664 (entre Campichuelo y De la Serna) volvieron a emitir densas columnas de humo negro, desatando una vez m\u00e1s la indignaci\u00f3n y la preocupaci\u00f3n de las familias linderas.<\/p>\n\n\n\n<figure class=\"wp-block-video\"><video controls src=\"https:\/\/enlamira.info\/wp-content\/uploads\/2026\/08\/document_4949987050301425847.mp4\"><\/video><\/figure>\n\n\n\n<p><em>&#8220;Nos llena de humo negro que es muy perjudicial para la salud. Pedimos ayuda urgente a las autoridades responsables para que garanticen el bienestar de todos los vecinos&#8221;<\/em>, advirti\u00f3 Marcelo Ben\u00edtez, referente vecinal que encabeza las denuncias desde hace m\u00e1s de diez a\u00f1os.<\/p>\n\n\n\n<h3 class=\"wp-block-heading\">Un conflicto que lleva m\u00e1s de una d\u00e9cada sin respuestas<\/h3>\n\n\n\n<figure class=\"wp-block-image size-large\"><img loading=\"lazy\" decoding=\"async\" width=\"670\" height=\"1024\" src=\"https:\/\/enlamira.info\/wp-content\/uploads\/2026\/08\/photo_4949987050761424130_y-670x1024.jpg\" alt=\"\" class=\"wp-image-23212\" srcset=\"https:\/\/enlamira.info\/wp-content\/uploads\/2026\/08\/photo_4949987050761424130_y-670x1024.jpg 670w, https:\/\/enlamira.info\/wp-content\/uploads\/2026\/08\/photo_4949987050761424130_y-196x300.jpg 196w, https:\/\/enlamira.info\/wp-content\/uploads\/2026\/08\/photo_4949987050761424130_y-768x1173.jpg 768w, https:\/\/enlamira.info\/wp-content\/uploads\/2026\/08\/photo_4949987050761424130_y.jpg 838w\" sizes=\"(max-width: 670px) 100vw, 670px\" \/><\/figure>\n\n\n\n<p>La problem\u00e1tica no es nueva. Ya en mayo de 2015, las denuncias de los frentistas tomaron repercusi\u00f3n p\u00fablica a trav\u00e9s de la prensa nacional y llegaron al recinto del Honorable Concejo Deliberante de Avellaneda.<\/p>\n\n\n\n<figure class=\"wp-block-image size-large\"><img loading=\"lazy\" decoding=\"async\" width=\"576\" height=\"1024\" src=\"https:\/\/enlamira.info\/wp-content\/uploads\/2026\/08\/photo_4949987050761424128_y-576x1024.jpg\" alt=\"\" class=\"wp-image-23213\" srcset=\"https:\/\/enlamira.info\/wp-content\/uploads\/2026\/08\/photo_4949987050761424128_y-576x1024.jpg 576w, https:\/\/enlamira.info\/wp-content\/uploads\/2026\/08\/photo_4949987050761424128_y-169x300.jpg 169w, https:\/\/enlamira.info\/wp-content\/uploads\/2026\/08\/photo_4949987050761424128_y.jpg 720w\" sizes=\"(max-width: 576px) 100vw, 576px\" \/><\/figure>\n\n\n\n<p>En aquel entonces, a trav\u00e9s de un Proyecto de Comunicaci\u00f3n presentado en el Concejo, los bloques legislativos locales exigieron al Departamento Ejecutivo que informara sobre los monitoreos ambientales y las inspecciones realizadas en la zona, alertando sobre la presencia de &#8220;humos potencialmente nocivos para la salud que producen alergias y patolog\u00edas respiratorias&#8221;.<\/p>\n\n\n\n<p>A pesar del paso de los a\u00f1os, de los antecedentes legislativos y de las promesas de fiscalizaci\u00f3n sobre el establecimiento, los vecinos denuncian que las emisiones contaminantes persisten y afectan la calidad de vida cotidiana del barrio.<\/p>\n\n\n\n<h3 class=\"wp-block-heading\">Mismos s\u00edntomas, misma impunidad<\/h3>\n\n\n\n<figure class=\"wp-block-image size-large\"><img loading=\"lazy\" decoding=\"async\" width=\"764\" height=\"1024\" src=\"https:\/\/enlamira.info\/wp-content\/uploads\/2026\/08\/photo_4949987050761424129_y-764x1024.jpg\" alt=\"\" class=\"wp-image-23214\" srcset=\"https:\/\/enlamira.info\/wp-content\/uploads\/2026\/08\/photo_4949987050761424129_y-764x1024.jpg 764w, https:\/\/enlamira.info\/wp-content\/uploads\/2026\/08\/photo_4949987050761424129_y-224x300.jpg 224w, https:\/\/enlamira.info\/wp-content\/uploads\/2026\/08\/photo_4949987050761424129_y-768x1029.jpg 768w, https:\/\/enlamira.info\/wp-content\/uploads\/2026\/08\/photo_4949987050761424129_y.jpg 955w\" sizes=\"(max-width: 764px) 100vw, 764px\" \/><\/figure>\n\n\n\n<p>Las consecuencias en el d\u00eda a d\u00eda para quienes viven en los alrededores de la f\u00e1brica se traducen en un calvario de puertas y ventanas cerradas para evitar el ingreso del material particulado:<\/p>\n\n\n\n<ul>\n<li><strong>Efectos en la salud:<\/strong> Congesti\u00f3n permanente, problemas respiratorios, afecciones en ni\u00f1os con asma, irritaci\u00f3n en la garganta y picaz\u00f3n en los ojos.<\/li>\n\n\n\n<li><strong>Falta de controles efectivos:<\/strong> Pese a las \u00f3rdenes de inspecci\u00f3n y los reclamos presentados ante las dependencias de medio ambiente comunales, la planta contin\u00faa operando y arrojando gases sin los filtros adecuados.<\/li>\n<\/ul>\n\n\n\n<p>Los vecinos de Sarand\u00ed insisten en que el reclamo no busca perjudicar las fuentes de trabajo, sino exigir que se adapten las instalaciones y se implementen controles ambientales estrictos que impidan que el funcionamiento industrial siga vulnerando la salud del barrio.<\/p>\n","protected":false},"excerpt":{"rendered":"<p>Familias que residen sobre la calle Luj\u00e1n denuncian que la f\u00e1brica &#8220;Lacroze S.A.&#8221; volvi\u00f3 a cubrir la zona de humo negro este lunes. Los reclamos llevan m\u00e1s de una d\u00e9cada en el municipio, con pedidos de informes en el Concejo Deliberante y registros de alertas de salud por problemas respiratorios, alergias y contaminaci\u00f3n del aire. [&hellip;]<\/p>\n","protected":false},"author":1,"featured_media":23215,"comment_status":"open","ping_status":"open","sticky":false,"template":"","format":"standard","meta":{"footnotes":""},"categories":[1,20,5,23],"tags":[2399],"_links":{"self":[{"href":"https:\/\/enlamira.info\/index.php\/wp-json\/wp\/v2\/posts\/23210"}],"collection":[{"href":"https:\/\/enlamira.info\/index.php\/wp-json\/wp\/v2\/posts"}],"about":[{"href":"https:\/\/enlamira.info\/index.php\/wp-json\/wp\/v2\/types\/post"}],"author":[{"embeddable":true,"href":"https:\/\/enlamira.info\/index.php\/wp-json\/wp\/v2\/users\/1"}],"replies":[{"embeddable":true,"href":"https:\/\/enlamira.info\/index.php\/wp-json\/wp\/v2\/comments?post=23210"}],"version-history":[{"count":1,"href":"https:\/\/enlamira.info\/index.php\/wp-json\/wp\/v2\/posts\/23210\/revisions"}],"predecessor-version":[{"id":23216,"href":"https:\/\/enlamira.info\/index.php\/wp-json\/wp\/v2\/posts\/23210\/revisions\/23216"}],"wp:featuredmedia":[{"embeddable":true,"href":"https:\/\/enlamira.info\/index.php\/wp-json\/wp\/v2\/media\/23215"}],"wp:attachment":[{"href":"https:\/\/enlamira.info\/index.php\/wp-json\/wp\/v2\/media?parent=23210"}],"wp:term":[{"taxonomy":"category","embeddable":true,"href":"https:\/\/enlamira.info\/index.php\/wp-json\/wp\/v2\/categories?post=23210"},{"taxonomy":"post_tag","embeddable":true,"href":"https:\/\/enlamira.info\/index.php\/wp-json\/wp\/v2\/tags?post=23210"}],"curies":[{"name":"wp","href":"https:\/\/api.w.org\/{rel}","templated":true}]}}