{"id":23204,"date":"2026-08-31T20:52:16","date_gmt":"2026-08-31T23:52:16","guid":{"rendered":"https:\/\/enlamira.info\/?p=23204"},"modified":"2026-08-31T21:15:58","modified_gmt":"2026-09-01T00:15:58","slug":"denuncian-que-apresaron-a-un-perejil-de-lanus-para-encubrir-a-un-joven-de-alto-poder-adquisitivo-en-pilar","status":"publish","type":"post","link":"https:\/\/enlamira.info\/index.php\/2026\/08\/31\/denuncian-que-apresaron-a-un-perejil-de-lanus-para-encubrir-a-un-joven-de-alto-poder-adquisitivo-en-pilar\/","title":{"rendered":"Denuncian que apresaron a un &#8220;perejil&#8221; de Lan\u00fas para encubrir a un joven de alto poder adquisitivo en Pilar"},"content":{"rendered":"\n<p><strong>Ezequiel Torrena no tiene antecedentes y las pruebas tecnol\u00f3gicas lo ubican en la casa de su suegra al momento del ataque. Sin embargo, enfrenta un pedido de prisi\u00f3n preventiva en los Tribunales de Pilar. Su familia, de condici\u00f3n humilde, vende comida casera y organiza eventos solidarios para costear un abogado privado tras sufrir aprietes e irregularidades en la causa.<\/strong><\/p>\n\n\n\n<p>Una grave denuncia por armado de causa e incriminaci\u00f3n a un &#8220;perejil&#8221; sacude a la zona sur del Conurbano y a los Tribunales de Pilar. Ezequiel Torrena, un joven trabajador oriundo de Lan\u00fas sin ning\u00fan tipo de antecedente penal, permanece detenido acusado de participar en una violenta agresi\u00f3n a tiros ocurrida en Pilar. Su familia y la defensa aseguran que no estuvo en el lugar de los hechos y que fue incluido en la causa para proteger al verdadero responsable: un joven de alto poder adquisitivo de la zona cuya familia cuenta con importantes recursos y contactos.<\/p>\n\n\n\n<p>El hecho investigado ocurri\u00f3 durante una agresi\u00f3n en la que un grupo de j\u00f3venes atac\u00f3 a tiros a la v\u00edctima, quien salv\u00f3 su vida de milagro tras recibir dos impactos de bala. Aunque la causa comenz\u00f3 caratulada como homicidio, posteriormente fue modificada a una tentativa de homicidio agravado por premeditaci\u00f3n, atribuy\u00e9ndole a Ezequiel el rol de presunto c\u00f3mplice.<\/p>\n\n\n\n<h3 class=\"wp-block-heading\">Pruebas que lo excluyen y &#8220;aprietes&#8221; en la causa<\/h3>\n\n\n\n<p>Seg\u00fan relatan las hermanas de Ezequiel, el joven se encontraba en la casa de su suegra al momento del ataque, situaci\u00f3n respaldada por m\u00faltiples testigos, chats de WhatsApp en tiempo real sobre un partido de f\u00fatbol, registros de Instagram y llamadas telef\u00f3nicas.<\/p>\n\n\n\n<p>Adem\u00e1s, la defensa se\u00f1ala la existencia de un video clave del episodio violento en el que Ezequiel no aparece. Sin embargo, la Fiscal\u00eda de Pilar argument\u00f3 falta de medios t\u00e9cnicos para peritar el material de forma inmediata y demor\u00f3 el pedido de c\u00e1maras de seguridad de Pilar y Escobar que reconstruir\u00edan el trayecto de Torrena desde la casa de su madre hacia lo de su suegra.<\/p>\n\n\n\n<p><em>&#8220;A mi hermano lo culpan para no nombrar a otro. Hay pibes que declararon amenazados; a uno de los involucrados incluso le prendieron fuego la camioneta del padre como apriete para que no hablara&#8221;<\/em>, denunci\u00f3 una de sus hermanas, se\u00f1alando el temor que genera el entorno del joven adinerado al que nadie se atreve a se\u00f1alar.<\/p>\n\n\n\n<p>A pesar de que los propios audios que trascienden desde el expediente y las charlas con la fiscal\u00eda sugieren que la justicia reconoce la falta de elementos s\u00f3lidos y las contradicciones de los denunciantes, el Juez de Garant\u00edas debe resolver este mi\u00e9rcoles si le dicta la prisi\u00f3n preventiva y lo traslada a un penal.<\/p>\n\n\n\n<h3 class=\"wp-block-heading\">Muestra de dignidad: empanadas, rifas y marcha a Pilar<\/h3>\n\n\n\n<figure class=\"wp-block-image size-large\"><img loading=\"lazy\" decoding=\"async\" width=\"1024\" height=\"678\" src=\"https:\/\/enlamira.info\/wp-content\/uploads\/2026\/08\/photo_4949681554032626825_y-1-1024x678.jpg\" alt=\"\" class=\"wp-image-23208\" srcset=\"https:\/\/enlamira.info\/wp-content\/uploads\/2026\/08\/photo_4949681554032626825_y-1-1024x678.jpg 1024w, https:\/\/enlamira.info\/wp-content\/uploads\/2026\/08\/photo_4949681554032626825_y-1-300x199.jpg 300w, https:\/\/enlamira.info\/wp-content\/uploads\/2026\/08\/photo_4949681554032626825_y-1-768x509.jpg 768w, https:\/\/enlamira.info\/wp-content\/uploads\/2026\/08\/photo_4949681554032626825_y-1.jpg 1280w\" sizes=\"(max-width: 1024px) 100vw, 1024px\" \/><\/figure>\n\n\n\n<p>Frente a la inacci\u00f3n inicial de la defensa oficial y los elevados costos de los honorarios de la abogac\u00eda privada, la familia de Ezequiel \u2014de condici\u00f3n humilde y trabajadora\u2014 lleva adelante una activa campa\u00f1a de recaudaci\u00f3n de fondos en Lan\u00fas y zonas aleda\u00f1as.<\/p>\n\n\n\n<p>Las hermanas del joven venden berenjenas al escabeche en la v\u00eda p\u00fablica, ofrecen prepizzas, churros, donas y atienden puestos de parrilla. Tambi\u00e9n organizaron rifas y acudieron a ferias populares para comercializar productos y juntar dinero semana a semana.<\/p>\n\n\n\n<p>Este <strong>domingo 6<\/strong>, la familia realizar\u00e1 un <strong>Bingo Solidario<\/strong> con el objetivo de continuar financiando la estrategia legal e insistir con la libertad de Ezequiel antes de que sea trasladado a una unidad penitenciaria. En paralelo, preparan una movilizaci\u00f3n hacia las puertas de los Tribunales de Pilar para visibilizar el reclamo y exigir que se analicen de manera urgente las pruebas que acreditan su inocencia.<\/p>\n","protected":false},"excerpt":{"rendered":"<p>Ezequiel Torrena no tiene antecedentes y las pruebas tecnol\u00f3gicas lo ubican en la casa de su suegra al momento del ataque. Sin embargo, enfrenta un pedido de prisi\u00f3n preventiva en los Tribunales de Pilar. Su familia, de condici\u00f3n humilde, vende comida casera y organiza eventos solidarios para costear un abogado privado tras sufrir aprietes e [&hellip;]<\/p>\n","protected":false},"author":1,"featured_media":23206,"comment_status":"open","ping_status":"open","sticky":false,"template":"","format":"standard","meta":{"footnotes":""},"categories":[1,126,32,20,5,23,34],"tags":[2398],"_links":{"self":[{"href":"https:\/\/enlamira.info\/index.php\/wp-json\/wp\/v2\/posts\/23204"}],"collection":[{"href":"https:\/\/enlamira.info\/index.php\/wp-json\/wp\/v2\/posts"}],"about":[{"href":"https:\/\/enlamira.info\/index.php\/wp-json\/wp\/v2\/types\/post"}],"author":[{"embeddable":true,"href":"https:\/\/enlamira.info\/index.php\/wp-json\/wp\/v2\/users\/1"}],"replies":[{"embeddable":true,"href":"https:\/\/enlamira.info\/index.php\/wp-json\/wp\/v2\/comments?post=23204"}],"version-history":[{"count":2,"href":"https:\/\/enlamira.info\/index.php\/wp-json\/wp\/v2\/posts\/23204\/revisions"}],"predecessor-version":[{"id":23209,"href":"https:\/\/enlamira.info\/index.php\/wp-json\/wp\/v2\/posts\/23204\/revisions\/23209"}],"wp:featuredmedia":[{"embeddable":true,"href":"https:\/\/enlamira.info\/index.php\/wp-json\/wp\/v2\/media\/23206"}],"wp:attachment":[{"href":"https:\/\/enlamira.info\/index.php\/wp-json\/wp\/v2\/media?parent=23204"}],"wp:term":[{"taxonomy":"category","embeddable":true,"href":"https:\/\/enlamira.info\/index.php\/wp-json\/wp\/v2\/categories?post=23204"},{"taxonomy":"post_tag","embeddable":true,"href":"https:\/\/enlamira.info\/index.php\/wp-json\/wp\/v2\/tags?post=23204"}],"curies":[{"name":"wp","href":"https:\/\/api.w.org\/{rel}","templated":true}]}}