{"id":23201,"date":"2026-08-31T20:20:53","date_gmt":"2026-08-31T23:20:53","guid":{"rendered":"https:\/\/enlamira.info\/?p=23201"},"modified":"2026-08-31T20:20:53","modified_gmt":"2026-08-31T23:20:53","slug":"cuando-el-pueblo-se-une-ocurren-milagros-juan-carlos-consiguio-su-silla-de-ruedas-y-andador-gracias-a-una-enorme-ola-solidaria","status":"publish","type":"post","link":"https:\/\/enlamira.info\/index.php\/2026\/08\/31\/cuando-el-pueblo-se-une-ocurren-milagros-juan-carlos-consiguio-su-silla-de-ruedas-y-andador-gracias-a-una-enorme-ola-solidaria\/","title":{"rendered":"\u00a1Cuando el pueblo se une ocurren milagros!: Juan Carlos consigui\u00f3 su silla de ruedas y andador gracias a una enorme ola solidaria"},"content":{"rendered":"\n<p><h1 data-path-to-node=\"4\"><\/h1><p data-path-to-node=\"5\"><b data-path-to-node=\"5\" data-index-in-node=\"0\">La respuesta comunitaria no se hizo esperar tras la difusi\u00f3n de su historia. El carpintero de Wilde ya cuenta con los elementos ortop\u00e9dicos para su rehabilitaci\u00f3n gracias al esfuerzo de los vecinos y al Pastor Iv\u00e1n Soto. Adem\u00e1s, desde el Ministerio de Salud provincial (Regi\u00f3n VI) se comprometieron a ocuparse de su tratamiento m\u00e9dico.<\/b><\/p><p data-path-to-node=\"6\">Hay momentos donde la empat\u00eda y el compromiso de la gente demuestran que no hay obst\u00e1culo imposible. Hace apenas unas horas d\u00e1bamos a conocer la conmovedora situaci\u00f3n de Juan Carlos, un vecino y carpintero de Wilde que, tras sufrir severas complicaciones por diabetes avanzada e insuficiencia card\u00edaca, hab\u00eda perdido la movilidad de sus piernas y no contaba con los medios para trasladarse a sus controles sanitarios.<\/p><\/p>\n\n\n\n\n\n<p><p data-path-to-node=\"7\">La publicaci\u00f3n fue el punto de partida para una inmensa cadena de solidaridad. En tiempo r\u00e9cord, la comunidad se moviliz\u00f3 y se multiplicaron las llamadas, los mensajes de aliento y las muestras de afecto para Juan Carlos y su familia.<\/p><h3 data-path-to-node=\"8\">Agradecimiento infinito a toda la comunidad<\/h3><p data-path-to-node=\"9\">Este verdadero milagro comunitario fue posible gracias a la r\u00e1pida acci\u00f3n y el coraz\u00f3n solidario de muchas personas:<\/p><ul data-path-to-node=\"10\"><li><p data-path-to-node=\"10,0,0\"><b data-path-to-node=\"10,0,0\" data-index-in-node=\"0\">Al Pastor Iv\u00e1n Soto<\/b>, por su valioso e incondicional apoyo para llegar con la ayuda necesaria.<\/p><\/li><li><p data-path-to-node=\"10,1,0\"><b data-path-to-node=\"10,1,0\" data-index-in-node=\"0\">A Jessica<\/b>, vecina y seguidora de <i data-path-to-node=\"10,1,0\" data-index-in-node=\"33\">Multimedio En la Mira<\/i>, cuyo gesto solidario result\u00f3 clave para acercar la soluci\u00f3n.<\/p><\/li><li><p data-path-to-node=\"10,2,0\"><b data-path-to-node=\"10,2,0\" data-index-in-node=\"0\">A cada uno de los vecinos y seguidores<\/b> que difundieron la nota, llamaron o enviaron un mensaje de aliento en este momento tan delicado.<\/p><\/li><\/ul><p data-path-to-node=\"11\">Gracias a este enorme esfuerzo colectivo, Juan Carlos ya tiene en su hogar la <b data-path-to-node=\"11\" data-index-in-node=\"78\">silla de ruedas<\/b> indispensable para sus traslados a centros de salud y el <b data-path-to-node=\"11\" data-index-in-node=\"151\">andador<\/b> que le permitir\u00e1 encarar su proceso de rehabilitaci\u00f3n f\u00edsica.<\/p><h3 data-path-to-node=\"13\">Respuesta del Ministerio de Salud Provincial<\/h3><p data-path-to-node=\"14\">A la inmensa alegr\u00eda por la donaci\u00f3n de los insumos ortop\u00e9dicos se suma otra novedad fundamental: tras la repercusi\u00f3n del caso, representantes del <b data-path-to-node=\"14\" data-index-in-node=\"147\">Ministerio de Salud de la Provincia de Buenos Aires (Regi\u00f3n Sanitaria VI)<\/b> se contactaron con la familia y asumieron la promesa formal de hacerse cargo del seguimiento y cuidado integral de la salud de Juan Carlos.<\/p><p data-path-to-node=\"15\">Esta historia demuestra una vez m\u00e1s que, cuando el pueblo se une, se vencen la indiferencia y la burocracia, abriendo camino a la esperanza y devolvi\u00e9ndole la dignidad a quien m\u00e1s lo necesita.<\/p><\/p>\n","protected":false},"excerpt":{"rendered":"<p>La respuesta comunitaria no se hizo esperar tras la difusi\u00f3n de su historia. El carpintero de Wilde ya cuenta con los elementos ortop\u00e9dicos para su rehabilitaci\u00f3n gracias al esfuerzo de los vecinos y al Pastor Iv\u00e1n Soto. Adem\u00e1s, desde el Ministerio de Salud provincial (Regi\u00f3n VI) se comprometieron a ocuparse de su tratamiento m\u00e9dico. Hay [&hellip;]<\/p>\n","protected":false},"author":1,"featured_media":23198,"comment_status":"open","ping_status":"open","sticky":false,"template":"","format":"standard","meta":{"footnotes":""},"categories":[1,5,23,34],"tags":[],"_links":{"self":[{"href":"https:\/\/enlamira.info\/index.php\/wp-json\/wp\/v2\/posts\/23201"}],"collection":[{"href":"https:\/\/enlamira.info\/index.php\/wp-json\/wp\/v2\/posts"}],"about":[{"href":"https:\/\/enlamira.info\/index.php\/wp-json\/wp\/v2\/types\/post"}],"author":[{"embeddable":true,"href":"https:\/\/enlamira.info\/index.php\/wp-json\/wp\/v2\/users\/1"}],"replies":[{"embeddable":true,"href":"https:\/\/enlamira.info\/index.php\/wp-json\/wp\/v2\/comments?post=23201"}],"version-history":[{"count":1,"href":"https:\/\/enlamira.info\/index.php\/wp-json\/wp\/v2\/posts\/23201\/revisions"}],"predecessor-version":[{"id":23203,"href":"https:\/\/enlamira.info\/index.php\/wp-json\/wp\/v2\/posts\/23201\/revisions\/23203"}],"wp:featuredmedia":[{"embeddable":true,"href":"https:\/\/enlamira.info\/index.php\/wp-json\/wp\/v2\/media\/23198"}],"wp:attachment":[{"href":"https:\/\/enlamira.info\/index.php\/wp-json\/wp\/v2\/media?parent=23201"}],"wp:term":[{"taxonomy":"category","embeddable":true,"href":"https:\/\/enlamira.info\/index.php\/wp-json\/wp\/v2\/categories?post=23201"},{"taxonomy":"post_tag","embeddable":true,"href":"https:\/\/enlamira.info\/index.php\/wp-json\/wp\/v2\/tags?post=23201"}],"curies":[{"name":"wp","href":"https:\/\/api.w.org\/{rel}","templated":true}]}}