{"id":23196,"date":"2026-08-30T23:11:42","date_gmt":"2026-08-31T02:11:42","guid":{"rendered":"https:\/\/enlamira.info\/?p=23196"},"modified":"2026-08-30T23:11:42","modified_gmt":"2026-08-31T02:11:42","slug":"pedido-urgente-de-solidaridad-juan-carlos-necesita-una-silla-de-ruedas-o-andador-para-realizar-su-tratamiento-medico","status":"publish","type":"post","link":"https:\/\/enlamira.info\/index.php\/2026\/08\/30\/pedido-urgente-de-solidaridad-juan-carlos-necesita-una-silla-de-ruedas-o-andador-para-realizar-su-tratamiento-medico\/","title":{"rendered":"Pedido urgente de solidaridad: Juan Carlos necesita una silla de ruedas o andador para realizar su tratamiento m\u00e9dico"},"content":{"rendered":"\n<p><strong>El carpintero de 58 a\u00f1os padece una diabetes avanzada e insuficiencia card\u00edaca que le impiden caminar. Tras quedar sin ingresos y al cuidado de su hija en Wilde, solicitan ayuda a la comunidad para conseguir un elemento ortop\u00e9dico que le permita trasladarse a sus controles sanitarios y continuar su rehabilitaci\u00f3n.<\/strong><\/p>\n\n\n\n<figure class=\"wp-block-image size-large\"><img loading=\"lazy\" decoding=\"async\" width=\"682\" height=\"1024\" src=\"https:\/\/enlamira.info\/wp-content\/uploads\/2026\/08\/photo_4947496008384449675_y-682x1024.jpg\" alt=\"\" class=\"wp-image-23197\" srcset=\"https:\/\/enlamira.info\/wp-content\/uploads\/2026\/08\/photo_4947496008384449675_y-682x1024.jpg 682w, https:\/\/enlamira.info\/wp-content\/uploads\/2026\/08\/photo_4947496008384449675_y-200x300.jpg 200w, https:\/\/enlamira.info\/wp-content\/uploads\/2026\/08\/photo_4947496008384449675_y-768x1152.jpg 768w, https:\/\/enlamira.info\/wp-content\/uploads\/2026\/08\/photo_4947496008384449675_y.jpg 853w\" sizes=\"(max-width: 682px) 100vw, 682px\" \/><\/figure>\n\n\n\n<p>Una profunda historia de esfuerzo y solidaridad familiar conmueve a los vecinos de la zona sur del Conurbano. Juan Carlos, un carpintero de Wilde que trabaj\u00f3 toda su vida de manera independiente, atraviesa un delicado momento de salud debido a las severas complicaciones generadas por una diabetes muy desarrollada y una enfermedad card\u00edaca que deterior\u00f3 gravemente su estado f\u00edsico.<\/p>\n\n\n\n<p>A la p\u00e9rdida irreversible de su movilidad se le sumaron dif\u00edciles circunstancias personales y econ\u00f3micas: debi\u00f3 dejar de trabajar, sufri\u00f3 el abandono de su pareja y atraves\u00f3 un cuadro depresivo. Al no contar con obra social ni prepaga, depende de la atenci\u00f3n en el sistema de salud p\u00fablico para sus estudios y tratamientos.<\/p>\n\n\n\n<figure class=\"wp-block-image size-large\"><img loading=\"lazy\" decoding=\"async\" width=\"589\" height=\"1024\" src=\"https:\/\/enlamira.info\/wp-content\/uploads\/2026\/08\/photo_4947496008384449674_y-589x1024.jpg\" alt=\"\" class=\"wp-image-23198\" srcset=\"https:\/\/enlamira.info\/wp-content\/uploads\/2026\/08\/photo_4947496008384449674_y-589x1024.jpg 589w, https:\/\/enlamira.info\/wp-content\/uploads\/2026\/08\/photo_4947496008384449674_y-173x300.jpg 173w, https:\/\/enlamira.info\/wp-content\/uploads\/2026\/08\/photo_4947496008384449674_y.jpg 720w\" sizes=\"(max-width: 589px) 100vw, 589px\" \/><\/figure>\n\n\n\n<p>Actualmente, Juan Carlos reside en Wilde (Avellaneda) bajo el cuidado exclusivo de su hija, quien sostiene el hogar con un ingreso m\u00ednimo e intenta gestionar una asistencia municipal de Avellaneda que nunca llega. Sin embargo, ante la urgencia de trasladarlo de manera frecuente a las consultas m\u00e9dicas y evitar que su cuadro se vuelva irreversible, apela a la solidaridad comunitaria.<\/p>\n\n\n\n<p><em>&#8220;Mi pap\u00e1 es una persona joven que todav\u00eda tiene posibilidades de rehabilitarse si recibe los tratamientos adecuados. Hoy se me dificulta much\u00edsimo trasladarlo al hospital porque qued\u00f3 totalmente inm\u00f3vil. Un andador o una silla de ruedas le dar\u00edan la oportunidad de no quedar a la deriva y poder salir adelante&#8221;<\/em>, relat\u00f3 su hija.<\/p>\n\n\n\n<h3 class=\"wp-block-heading\">\u00bfC\u00f3mo pod\u00e9s colaborar?<\/h3>\n\n\n\n<p>Se solicita a quienes dispongan de alguno de los siguientes elementos en desuso que consideren donarlo o prestarlo:<\/p>\n\n\n\n<ul>\n<li><strong>Silla de ruedas:<\/strong> Indispensable para los traslados y turnos hospitalarios.<\/li>\n\n\n\n<li><strong>Andador u ortesis de marcha:<\/strong> Para sus ejercicios de rehabilitaci\u00f3n.<\/li>\n\n\n\n<li><strong>Difusi\u00f3n:<\/strong> Compartir esta nota para alcanzar a personas o instituciones de la zona.<\/li>\n<\/ul>\n\n\n\n<h3 class=\"wp-block-heading\">Contacto directo:<\/h3>\n\n\n\n<ul>\n<li> <strong>Ubicaci\u00f3n:<\/strong> Wilde, Partido de Avellaneda (Zona Sur).<\/li>\n\n\n\n<li> <strong>WhatsApp \/ Tel\u00e9fono de contacto:<\/strong> <strong>+54 9 11 5880-2551<\/strong><\/li>\n<\/ul>\n","protected":false},"excerpt":{"rendered":"<p>El carpintero de 58 a\u00f1os padece una diabetes avanzada e insuficiencia card\u00edaca que le impiden caminar. Tras quedar sin ingresos y al cuidado de su hija en Wilde, solicitan ayuda a la comunidad para conseguir un elemento ortop\u00e9dico que le permita trasladarse a sus controles sanitarios y continuar su rehabilitaci\u00f3n. Una profunda historia de esfuerzo [&hellip;]<\/p>\n","protected":false},"author":1,"featured_media":23199,"comment_status":"open","ping_status":"open","sticky":false,"template":"","format":"standard","meta":{"footnotes":""},"categories":[1,23,34],"tags":[2397],"_links":{"self":[{"href":"https:\/\/enlamira.info\/index.php\/wp-json\/wp\/v2\/posts\/23196"}],"collection":[{"href":"https:\/\/enlamira.info\/index.php\/wp-json\/wp\/v2\/posts"}],"about":[{"href":"https:\/\/enlamira.info\/index.php\/wp-json\/wp\/v2\/types\/post"}],"author":[{"embeddable":true,"href":"https:\/\/enlamira.info\/index.php\/wp-json\/wp\/v2\/users\/1"}],"replies":[{"embeddable":true,"href":"https:\/\/enlamira.info\/index.php\/wp-json\/wp\/v2\/comments?post=23196"}],"version-history":[{"count":1,"href":"https:\/\/enlamira.info\/index.php\/wp-json\/wp\/v2\/posts\/23196\/revisions"}],"predecessor-version":[{"id":23200,"href":"https:\/\/enlamira.info\/index.php\/wp-json\/wp\/v2\/posts\/23196\/revisions\/23200"}],"wp:featuredmedia":[{"embeddable":true,"href":"https:\/\/enlamira.info\/index.php\/wp-json\/wp\/v2\/media\/23199"}],"wp:attachment":[{"href":"https:\/\/enlamira.info\/index.php\/wp-json\/wp\/v2\/media?parent=23196"}],"wp:term":[{"taxonomy":"category","embeddable":true,"href":"https:\/\/enlamira.info\/index.php\/wp-json\/wp\/v2\/categories?post=23196"},{"taxonomy":"post_tag","embeddable":true,"href":"https:\/\/enlamira.info\/index.php\/wp-json\/wp\/v2\/tags?post=23196"}],"curies":[{"name":"wp","href":"https:\/\/api.w.org\/{rel}","templated":true}]}}