{"id":23190,"date":"2026-08-30T20:29:55","date_gmt":"2026-08-30T23:29:55","guid":{"rendered":"https:\/\/enlamira.info\/?p=23190"},"modified":"2026-08-30T20:29:55","modified_gmt":"2026-08-30T23:29:55","slug":"seguridad-las-razones-por-las-que-la-argentina-podria-convertirse-en-refugio-para-el-capital-delictivo","status":"publish","type":"post","link":"https:\/\/enlamira.info\/index.php\/2026\/08\/30\/seguridad-las-razones-por-las-que-la-argentina-podria-convertirse-en-refugio-para-el-capital-delictivo\/","title":{"rendered":"Seguridad: las razones por las que la Argentina podr\u00eda convertirse en refugio para el capital delictivo"},"content":{"rendered":"\n<figure class=\"wp-block-image\"><img decoding=\"async\" src=\"https:\/\/media.ambito.com\/p\/c35e2537b52d45e0618330a11c68a3d2\/adjuntos\/239\/autores\/043\/611\/0043611333\/30x30\/723x393:743x413\/eduardo-villalba.jpeg\" alt=\"\u00e1mbito.com | Eduardo Villalba\"\/><\/figure>\n\n\n\n<p>Por\u00a0Eduardo Villalba<\/p>\n\n\n\n<p><em><strong>Ex Secretario de Seguridad y\u00a0Pol\u00edtica Criminal de la Naci\u00f3n.\u00a0Asesor del Bloque Fuerza por Buenos Aires en la\u00a0Legislatura Porte\u00f1a<\/strong><\/em><a href=\"https:\/\/api.whatsapp.com\/send?text=%E2%80%9CSeguridad%3A%20las%20razones%20por%20las%20que%20la%20Argentina%20podr%C3%ADa%20convertirse%20en%20refugio%20para%20el%20capital%20delictivo%E2%80%9D%20https%3A%2F%2Fwww.ambito.com%2Fopiniones%2Fseguridad-las-razones-las-que-la-argentina-podria-convertirse-refugio-el-capital-delictivo-n6316107\" target=\"_blank\" rel=\"noreferrer noopener\"><\/a><\/p>\n\n\n\n<figure class=\"wp-block-image\"><img decoding=\"async\" src=\"https:\/\/media.ambito.com\/p\/5f332dcfef8f8c3c83f641a9079ce93c\/adjuntos\/239\/imagenes\/041\/372\/0041372399\/gendarmeria-fuerzas-seguridad-rosario-narcotraficojpg.jpg\" alt=\"El autor advierte que el gobierno nacional monta shows publicitando la demolici\u00f3n de un precario bunker en un barrio marginal, que poco ayuda al combate al crimen.\"\/><figcaption class=\"wp-element-caption\">El autor advierte que el gobierno nacional monta shows publicitando la demolici\u00f3n de un precario bunker en un barrio marginal, que poco ayuda al combate al crimen.<\/figcaption><\/figure>\n\n\n\n<p id=\"p-1787959961165-93355\">El peor error para analizar datos relativos al\u00a0narcotr\u00e1fico\u00a0y el accionar del delito organizado, proviene de la creencia o intencionalidad de leer el aumento de operativos e incautaciones como un \u00e9xito de la pol\u00edtica criminal implementada.<\/p>\n\n\n\n<p id=\"p-1787959961165-17247\">Hace unos meses, la<strong>&nbsp;Ministra de Seguridad Alejandra Monteoliva<\/strong>, present\u00f3 n\u00fameros al respecto, que son incontrastables comparativamente en su volumen (mas a\u00fan si se los compara con un per\u00edodo que contiene dos a\u00f1os de pandemia), pero que no nos dicen mucho a simple vista sobre la efectividad del abordaje, mas bien arrojan algunas preguntas.Informate m\u00e1s<\/p>\n\n\n\n<p id=\"p-1787959961165-95953\">Por mas que algunos afectos al show cada tanto aventen otra cosa, la Argentina sigue siendo un pa\u00eds de tr\u00e1nsito de las drogas no legalizadas, en especial en su camino desde los lugares de producci\u00f3n, hacia Europa, y no hace tanto hacia nuevos destinos en otros continentes en donde su valor se multiplica considerablemente. Solo una parte de ella, s\u00ed queda en los grandes centros urbanos del pa\u00eds, para ser comercializada por organizaciones de menor complejidad y mayor violencia, problema que hay que combatir de otra manera, y a la fecha solo ha encontrado en ese camino, la pol\u00edtica del acuerdo, la regulaci\u00f3n del territorio entre autoridades y delincuencia, o sea una salida cortoplacista y que gravosamente tampoco es acompa\u00f1ada por programas de salud, educativos, ni hablar de reducci\u00f3n de da\u00f1os.<\/p>\n\n\n\n<p id=\"p-1787959961165-95829\">En los \u00faltimos a\u00f1os, venimos observando algunas acciones que pueden hacer que dentro del mapa del narcotr\u00e1fico a nivel regional, el papel de nuestro pa\u00eds sea otro a futuro, y no se trata de buenas noticias.<\/p>\n\n\n\n<p id=\"p-1787959961165-60189\"><strong>\u00bfY si ese mismo vol\u00famen de operativos e incautaciones que crecen nos est\u00e1 diciendo que el tr\u00e1nsito y el comercio es mayor?<\/strong><\/p>\n\n\n\n<p id=\"p-1787959961165-37638\">Hay algunas condiciones macro que se est\u00e1n modificando, que podr\u00edan significar a futuro otro escenario para el papel de nuestro territorio en este tema, y quiz\u00e1s cuando querramos revertir las consecuencias, cumplir ante los organismos internacionales que observan y eval\u00faan condiciones de lavado de activos que favorecen el delito trasnacional, sea demasiado tarde.<\/p>\n\n\n\n<p id=\"p-1787959961165-96957\">Con la excusa del reseteo normativo, la desregulaci\u00f3n, y las recetas neoliberales que no miden resultados, hemos asistido a discusiones parlamentarias sobre blanqueo de capitales, y esta misma semana la llamada Inocencia fiscal II. Unos d\u00edas atr\u00e1s el gobierno insisti\u00f3 con facilitar la compra de tierras por parte de extranjeros.<\/p>\n\n\n\n<p id=\"p-1787959961165-96877\">En paralelo a ello, las pol\u00edticas adoptadas de achicamiento del Estado, ha tocado a organismos y estructuras que est\u00e1n \u00edntimamente ligadas a la investigaci\u00f3n y persecuci\u00f3n de este tipo de delitos. El gobierno nacional redujo la estructura de la Unidad de Informaci\u00f3n Financiera (UIF) a trav\u00e9s del decreto 891\/24 dictado a finales de 2024 eliminando una importante estructura interna, como el consejo interministerial de control que pose\u00eda el organismo. Ni hablar de lo ocurrido en el propio&nbsp;<strong>Ministerio de Seguridad desde la asunci\u00f3n de Milei,<\/strong>&nbsp;en donde no solo afectaron al personal altamente calificado los&nbsp;<strong>despidos y la p\u00e9rdida de poder adquisitivo del salario,<\/strong>&nbsp;sino que tambi\u00e9n se les quit\u00f3 un plus\/incentivo que cobraban al igual que el personal del Ministerio de Justicia, y que significaba entre un 40 y 60 por ciento del sueldo, raz\u00f3n por la cual muchos de esos agentes capacitados tuvieron que buscar mejores perspectivas laborales, perdiendose recursos para la investigaci\u00f3n y acci\u00f3n contra el delito.<\/p>\n\n\n\n<p id=\"p-1787959961165-58897\">La \u201cfranquicia Bullrich\u201d de la supuesta lucha contra las mafias que adoptan desde el mero discurso tanto la actual gesti\u00f3n nacional, pa\u00edses del continente en donde recientemente expresiones de derecha han ganado elecciones, y ahora la postura electoral del Jefe de Gobierno de la Ciudad Aut\u00f3noma de Buenos Aires, tambi\u00e9n atenta contra el enfoque del problema. Porque mientras&nbsp;<strong>se montan shows<\/strong>&nbsp;publicitando la demolici\u00f3n de un precario bunker en un barrio marginal, o la detenci\u00f3n de una abuela que vend\u00eda dosis de pasta base en un barrio, el delito organizado se mueve en otras ligas: lobbea, compra y enajena inmuebles, se mueve en el mundo de las cripto y las apuestas, y transita con licencia por las fronteras.<\/p>\n\n\n\n<p id=\"p-1787959961165-90291\"><strong>La real lucha contra el delito complejo,<\/strong>&nbsp;y en especial contra las organizaciones trasnacionales se realiza en silencio, con el profesionalismo que tienen nuestras fuerzas de seguridad cuando son conducidas hacia ese objetivo, con Fiscal\u00edas proactivas, y sobre todas las cosas, con una acci\u00f3n de gobierno multiagencial, en donde se tenga en cuenta que ciertas condiciones e iniciativas, pueden llegar a crear campo propicio en el futuro para el movimiento del delito, porque en definitiva, podemos inferir que solo se trata de improvisaci\u00f3n e impericia, o concluir que \u201clas brujas existen\u201d.<\/p>\n\n\n\n<p id=\"p-1787960047840-31709\"><\/p>\n","protected":false},"excerpt":{"rendered":"<p>Por\u00a0Eduardo Villalba Ex Secretario de Seguridad y\u00a0Pol\u00edtica Criminal de la Naci\u00f3n.\u00a0Asesor del Bloque Fuerza por Buenos Aires en la\u00a0Legislatura Porte\u00f1a El peor error para analizar datos relativos al\u00a0narcotr\u00e1fico\u00a0y el accionar del delito organizado, proviene de la creencia o intencionalidad de leer el aumento de operativos e incautaciones como un \u00e9xito de la pol\u00edtica criminal implementada. [&hellip;]<\/p>\n","protected":false},"author":1,"featured_media":23191,"comment_status":"open","ping_status":"open","sticky":false,"template":"","format":"standard","meta":{"footnotes":""},"categories":[1],"tags":[2372,2395],"_links":{"self":[{"href":"https:\/\/enlamira.info\/index.php\/wp-json\/wp\/v2\/posts\/23190"}],"collection":[{"href":"https:\/\/enlamira.info\/index.php\/wp-json\/wp\/v2\/posts"}],"about":[{"href":"https:\/\/enlamira.info\/index.php\/wp-json\/wp\/v2\/types\/post"}],"author":[{"embeddable":true,"href":"https:\/\/enlamira.info\/index.php\/wp-json\/wp\/v2\/users\/1"}],"replies":[{"embeddable":true,"href":"https:\/\/enlamira.info\/index.php\/wp-json\/wp\/v2\/comments?post=23190"}],"version-history":[{"count":1,"href":"https:\/\/enlamira.info\/index.php\/wp-json\/wp\/v2\/posts\/23190\/revisions"}],"predecessor-version":[{"id":23192,"href":"https:\/\/enlamira.info\/index.php\/wp-json\/wp\/v2\/posts\/23190\/revisions\/23192"}],"wp:featuredmedia":[{"embeddable":true,"href":"https:\/\/enlamira.info\/index.php\/wp-json\/wp\/v2\/media\/23191"}],"wp:attachment":[{"href":"https:\/\/enlamira.info\/index.php\/wp-json\/wp\/v2\/media?parent=23190"}],"wp:term":[{"taxonomy":"category","embeddable":true,"href":"https:\/\/enlamira.info\/index.php\/wp-json\/wp\/v2\/categories?post=23190"},{"taxonomy":"post_tag","embeddable":true,"href":"https:\/\/enlamira.info\/index.php\/wp-json\/wp\/v2\/tags?post=23190"}],"curies":[{"name":"wp","href":"https:\/\/api.w.org\/{rel}","templated":true}]}}