{"id":2306,"date":"2024-03-30T14:16:57","date_gmt":"2024-03-30T17:16:57","guid":{"rendered":"https:\/\/enlamira.info\/?p=2306"},"modified":"2024-03-30T14:46:10","modified_gmt":"2024-03-30T17:46:10","slug":"chilavert-volvio-a-cargar-contra-vinicius-donde-estaba-cuando-mataron-a-palos-a-los-argentinos","status":"publish","type":"post","link":"https:\/\/enlamira.info\/index.php\/2024\/03\/30\/chilavert-volvio-a-cargar-contra-vinicius-donde-estaba-cuando-mataron-a-palos-a-los-argentinos\/","title":{"rendered":"Chilavert volvi\u00f3 a cargar contra Vinicius: \u201c\u00bfD\u00f3nde estaba cuando mataron a palos a los argentinos?\u201d"},"content":{"rendered":"\n<p>El hist\u00f3rico ex arquero paraguayo ratific\u00f3 su pensamiento sobre el astro brasile\u00f1o<\/p>\n\n\n\n<p>Hace algunos d\u00edas, antes del amistoso entre\u00a0Brasil\u00a0y\u00a0Espa\u00f1a\u00a0por la fecha FIFA de marzo,\u00a0Jos\u00e9\u00a0Luis\u00a0Chilavert\u00a0apunt\u00f3 sin piedad contra\u00a0Vinicius\u00a0J\u00fanior\u00a0por el momento en el que\u00a0rompi\u00f3 en llanto en plena conferencia, al hablar sobre racismo.<\/p>\n\n\n\n<p>\u201cPan y circo. El primero que insulta y ataca a los rivales es \u00e9l. Que no sea maric\u00f3n, el f\u00fatbol es para hombres\u201d, dijo el ex arquero paraguayo, abriendo una gran pol\u00e9mica con sus palabras.<\/p>\n\n\n\n<p>Pasaron los d\u00edas y eso ya hab\u00eda quedado atr\u00e1s en la agenda de los medios, pero\u00a0ahora Chilavert volvi\u00f3 a referirse a sus dichos, y de nuevo carg\u00f3 fuertemente contra el crack del Real Madrid.<\/p>\n\n\n\n<p>\u201c\u00bfPor qu\u00e9 fue fuerte lo que le dije a Vinicius? \u00bfPor tener sentido com\u00fan? \u00bfPor qu\u00e9 se pone a llorar?\u00a0Dijo que quiere que los negros puedan vivir mejor,\u00a0\u00bfentonces los blancos qu\u00e9 tenemos que hacer? \u00bfTenemos que suicidarnos?\u00a0\u00bfC\u00f3mo es el tema?\u201d, comenz\u00f3 explicando en di\u00e1logo con AM 990.<\/p>\n\n\n\n<p>Y luego argument\u00f3: \u201cNo hay que tergiversar las cosas.\u00a0La discriminaci\u00f3n existe en Argentina, Francia y todo el mundo. Me dec\u00edan muerto de hambre, que estaba robando la plata.\u00a0Busquen los insultos del p\u00fablico argentino\u201d.<\/p>\n\n\n\n<p>Tampoco quiso olvidarse de la fuerte represi\u00f3n que los argentinos sufrieron en Brasil por Copa Libertadores y Eliminatorias Sudamericanas, y se pregunt\u00f3:\u00a0\u201cCuando la polic\u00eda brasile\u00f1a mat\u00f3 a palos a los hinchas argentinos y de Boca, \u00bfD\u00f3nde estaba Vinicius que es un ejemplo de los l\u00edderes de Brasil?\u00a0Le pegaron a los chicos, mujeres y veteranos. Cuando te pegan ellos est\u00e1 todo bien, pero despu\u00e9s vos les faltas el respeto y empiezan a llorar\u201d.<\/p>\n\n\n\n<figure class=\"wp-block-embed is-type-rich is-provider-twitter wp-block-embed-twitter\"><div class=\"wp-block-embed__wrapper\">\n<blockquote class=\"twitter-tweet\" data-width=\"550\" data-dnt=\"true\"><p lang=\"es\" dir=\"ltr\">&quot;Chila&quot;:<br>Por las declaraciones de Jos\u00e9 Luis Chilavert sobre Vinicius <a href=\"https:\/\/t.co\/o6PsBRVRFD\">pic.twitter.com\/o6PsBRVRFD<\/a><\/p>&mdash; \u00bfPor qu\u00e9 es tendencia? (@porquetendencia) <a href=\"https:\/\/twitter.com\/porquetendencia\/status\/1773771257336504463?ref_src=twsrc%5Etfw\">March 29, 2024<\/a><\/blockquote><script async src=\"https:\/\/platform.twitter.com\/widgets.js\" charset=\"utf-8\"><\/script>\n<\/div><\/figure>\n","protected":false},"excerpt":{"rendered":"<p>El hist\u00f3rico ex arquero paraguayo ratific\u00f3 su pensamiento sobre el astro brasile\u00f1o Hace algunos d\u00edas, antes del amistoso entre\u00a0Brasil\u00a0y\u00a0Espa\u00f1a\u00a0por la fecha FIFA de marzo,\u00a0Jos\u00e9\u00a0Luis\u00a0Chilavert\u00a0apunt\u00f3 sin piedad contra\u00a0Vinicius\u00a0J\u00fanior\u00a0por el momento en el que\u00a0rompi\u00f3 en llanto en plena conferencia, al hablar sobre racismo. \u201cPan y circo. El primero que insulta y ataca a los rivales es \u00e9l. [&hellip;]<\/p>\n","protected":false},"author":2,"featured_media":2309,"comment_status":"open","ping_status":"open","sticky":false,"template":"","format":"standard","meta":{"footnotes":""},"categories":[14],"tags":[],"_links":{"self":[{"href":"https:\/\/enlamira.info\/index.php\/wp-json\/wp\/v2\/posts\/2306"}],"collection":[{"href":"https:\/\/enlamira.info\/index.php\/wp-json\/wp\/v2\/posts"}],"about":[{"href":"https:\/\/enlamira.info\/index.php\/wp-json\/wp\/v2\/types\/post"}],"author":[{"embeddable":true,"href":"https:\/\/enlamira.info\/index.php\/wp-json\/wp\/v2\/users\/2"}],"replies":[{"embeddable":true,"href":"https:\/\/enlamira.info\/index.php\/wp-json\/wp\/v2\/comments?post=2306"}],"version-history":[{"count":1,"href":"https:\/\/enlamira.info\/index.php\/wp-json\/wp\/v2\/posts\/2306\/revisions"}],"predecessor-version":[{"id":2307,"href":"https:\/\/enlamira.info\/index.php\/wp-json\/wp\/v2\/posts\/2306\/revisions\/2307"}],"wp:featuredmedia":[{"embeddable":true,"href":"https:\/\/enlamira.info\/index.php\/wp-json\/wp\/v2\/media\/2309"}],"wp:attachment":[{"href":"https:\/\/enlamira.info\/index.php\/wp-json\/wp\/v2\/media?parent=2306"}],"wp:term":[{"taxonomy":"category","embeddable":true,"href":"https:\/\/enlamira.info\/index.php\/wp-json\/wp\/v2\/categories?post=2306"},{"taxonomy":"post_tag","embeddable":true,"href":"https:\/\/enlamira.info\/index.php\/wp-json\/wp\/v2\/tags?post=2306"}],"curies":[{"name":"wp","href":"https:\/\/api.w.org\/{rel}","templated":true}]}}