{"id":2303,"date":"2024-03-30T14:14:58","date_gmt":"2024-03-30T17:14:58","guid":{"rendered":"https:\/\/enlamira.info\/?p=2303"},"modified":"2024-03-30T14:47:20","modified_gmt":"2024-03-30T17:47:20","slug":"el-guino-de-rosario-central-para-que-angel-di-maria-vuelva-pese-a-las-amenazas","status":"publish","type":"post","link":"https:\/\/enlamira.info\/index.php\/2024\/03\/30\/el-guino-de-rosario-central-para-que-angel-di-maria-vuelva-pese-a-las-amenazas\/","title":{"rendered":"El gui\u00f1o de Rosario Central para que \u00c1ngel Di Mar\u00eda vuelva pese a las amenazas"},"content":{"rendered":"\n<p>En el Canalla sue\u00f1an con que el Fideo pueda regresar para jugar la Copa Libertadores<\/p>\n\n\n\n<p>Mucho se habl\u00f3 durante las \u00faltimas semanas sobre\u00a0la posibilidad de que \u00c1ngel Di Mar\u00eda regrese a Rosario Central\u00a0en junio para disputar la\u00a0Copa\u00a0Libertadores, en caso de clasificar a los octavos de final.<\/p>\n\n\n\n<p>Ese sue\u00f1o se diluy\u00f3 en gran medida con lo ocurrido hace algunos d\u00edas, cuando\u00a0el Fideo recibi\u00f3 una fuerte amenaza de muerte\u00a0en la puerta del country en el que se aloja en Argentina, suceso por el cual ya hay un detenido.<\/p>\n\n\n\n<p>Si bien\u00a0el propio Di Mar\u00eda confes\u00f3 que le encantar\u00eda volver, seg\u00fan inform\u00f3 Hern\u00e1n Castillo,\u00a0el ataque que \u00e9l y toda su familia recibieron lo habr\u00eda hecho dar marcha atr\u00e1s en su decisi\u00f3n.<\/p>\n\n\n\n<p>Ni siquiera la tranquilidad que le transmiti\u00f3 Patricia Bullrich como ministra de Seguridad habr\u00eda servido para hacerlo cambiar de opini\u00f3n, pero en la Academia no se rinden.<\/p>\n\n\n\n<p>Ahora\u00a0en el conjunto rosarino tuvieron un gui\u00f1o especial para el regreso de Angelito, que se relaciona directamente con la lista de buena fe para la Libertadores.<\/p>\n\n\n\n<p>El Canalla lanz\u00f3 la n\u00f3mina de 50 futbolistas para el certamen continental, y\u00a0dej\u00f3 vacantes tres dorsales: el 9, el 11 y el 22.<\/p>\n\n\n\n<p>El primero harb\u00eda sido guardado para la vuelta de Marco Ruben, pero el 11 estar\u00eda esperando pura y exclusivamente a Di Mar\u00eda; mientras que el 22 ser\u00eda para Franco Cervi. \u00bfSe viene el \u201cdream team\u201d en\u00a0Rosario?<\/p>\n","protected":false},"excerpt":{"rendered":"<p>En el Canalla sue\u00f1an con que el Fideo pueda regresar para jugar la Copa Libertadores Mucho se habl\u00f3 durante las \u00faltimas semanas sobre\u00a0la posibilidad de que \u00c1ngel Di Mar\u00eda regrese a Rosario Central\u00a0en junio para disputar la\u00a0Copa\u00a0Libertadores, en caso de clasificar a los octavos de final. Ese sue\u00f1o se diluy\u00f3 en gran medida con lo [&hellip;]<\/p>\n","protected":false},"author":2,"featured_media":2305,"comment_status":"open","ping_status":"open","sticky":false,"template":"","format":"standard","meta":{"footnotes":""},"categories":[14],"tags":[],"_links":{"self":[{"href":"https:\/\/enlamira.info\/index.php\/wp-json\/wp\/v2\/posts\/2303"}],"collection":[{"href":"https:\/\/enlamira.info\/index.php\/wp-json\/wp\/v2\/posts"}],"about":[{"href":"https:\/\/enlamira.info\/index.php\/wp-json\/wp\/v2\/types\/post"}],"author":[{"embeddable":true,"href":"https:\/\/enlamira.info\/index.php\/wp-json\/wp\/v2\/users\/2"}],"replies":[{"embeddable":true,"href":"https:\/\/enlamira.info\/index.php\/wp-json\/wp\/v2\/comments?post=2303"}],"version-history":[{"count":1,"href":"https:\/\/enlamira.info\/index.php\/wp-json\/wp\/v2\/posts\/2303\/revisions"}],"predecessor-version":[{"id":2304,"href":"https:\/\/enlamira.info\/index.php\/wp-json\/wp\/v2\/posts\/2303\/revisions\/2304"}],"wp:featuredmedia":[{"embeddable":true,"href":"https:\/\/enlamira.info\/index.php\/wp-json\/wp\/v2\/media\/2305"}],"wp:attachment":[{"href":"https:\/\/enlamira.info\/index.php\/wp-json\/wp\/v2\/media?parent=2303"}],"wp:term":[{"taxonomy":"category","embeddable":true,"href":"https:\/\/enlamira.info\/index.php\/wp-json\/wp\/v2\/categories?post=2303"},{"taxonomy":"post_tag","embeddable":true,"href":"https:\/\/enlamira.info\/index.php\/wp-json\/wp\/v2\/tags?post=2303"}],"curies":[{"name":"wp","href":"https:\/\/api.w.org\/{rel}","templated":true}]}}