{"id":22767,"date":"2026-07-13T00:02:00","date_gmt":"2026-07-13T03:02:00","guid":{"rendered":"https:\/\/enlamira.info\/?p=22767"},"modified":"2026-07-12T18:52:10","modified_gmt":"2026-07-12T21:52:10","slug":"atraparon-al-jefe-de-una-banda-de-piratas-del-asfalto-que-operaba-en-lanus","status":"publish","type":"post","link":"https:\/\/enlamira.info\/index.php\/2026\/07\/13\/atraparon-al-jefe-de-una-banda-de-piratas-del-asfalto-que-operaba-en-lanus\/","title":{"rendered":"Atraparon al jefe de una banda de &#8220;Piratas del asfalto&#8221; que operaba en Lan\u00fas"},"content":{"rendered":"\n<p>Efectivos de la Delegaci\u00f3n Departamental de Investigaciones (DDI) Avellaneda-Lan\u00fas hicieron efectivas cinco \u00f3rdenes de allanamiento que culminaron con la detenci\u00f3n de un hombre de 36 a\u00f1os acusado de liderar una banda de \u00abPiratas del asfalto\u00bb. Al imputado se lo vincula de forma directa con al menos dos asaltos a camiones de gran porte ocurridos en la regi\u00f3n durante los \u00faltimos meses.<\/p>\n\n\n\n<p>Los operativos y las detenciones se ejecutaron este pasado mi\u00e9rcoles bajo las directivas de la Unidad Funcional de Instrucci\u00f3n y Juicio (UFI) N.\u00ba 5 del Departamento Judicial Avellaneda-Lan\u00fas, conducida por el fiscal Mart\u00edn Rodr\u00edguez. Al detenido, identificado por las fuentes judiciales como M. E. C. (36), se le secuestr\u00f3 una r\u00e9plica exacta de una pistola Bersa Thunder 9 mil\u00edmetros y cuatro tel\u00e9fonos celulares que est\u00e1n siendo peritados.<\/p>\n\n\n\n<p>La g\u00e9nesis de la investigaci\u00f3n criminal comenz\u00f3 en el mes de abril a partir de recurrentes denuncias por asaltos bajo la modalidad de robo agravado de mercader\u00eda en tr\u00e1nsito. Los detectives de la DDI iniciaron tareas de campo que incluyeron el an\u00e1lisis de las c\u00e1maras de monitoreo p\u00fablico de los municipios de Lan\u00fas y Lomas de Zamora, adem\u00e1s de informes de las prestatarias telef\u00f3nicas sobre las antenas activadas por los delincuentes, logrando unificar y determinar el mismo modus operandi en dos hechos espec\u00edficos:<\/p>\n\n\n\n<p>\u2022 Primer golpe (8 de abril): Una de las v\u00edctimas, M. E. (26), conduc\u00eda un cami\u00f3n Fiat Iveco cargado con 3.000 kilos de carne de cerdo. Al llegar a la intersecci\u00f3n de las calles San Mart\u00edn y Jean Jaures, en Lan\u00fas, fue interceptado por tres sujetos fuertemente armados que se movilizaban en un autom\u00f3vil Toyota Corolla de color gris. Tras mantenerlo Privado Ileg\u00edtimamente de la Libertad (PIL) durante el trayecto, lo liberaron junto al rodado en el partido de Lomas de Zamora, habiendo concretado el trasbordo y robo total de la carga alimenticia.<\/p>\n\n\n\n<p>\u2022 Segundo golpe (17 de abril): Apenas nueve d\u00edas despu\u00e9s, otra de las v\u00edctimas, E. R. (42), fue emboscada mientras manejaba otro cami\u00f3n Fiat Iveco que transportaba 900 cajones de pollos. La secuencia se repiti\u00f3 de forma id\u00e9ntica: en la esquina de Miller y Arist\u00f3bulo del Valle (Lan\u00fas), dos hombres armados a bordo del mismo Toyota Corolla gris lo capturaron bajo la modalidad PIL. Tras dar vueltas por la zona, la v\u00edctima fue liberada en la localidad de Villa Diamante, mientras que el cami\u00f3n fue abandonado vac\u00edo en otra arteria de Lan\u00fas.<\/p>\n\n\n\n<p>A partir del entrecruzamiento de las patentes visualizadas por las c\u00e1maras y los datos filiatorios de los sospechosos, el fiscal Rodr\u00edguez solicit\u00f3 cinco \u00f3rdenes de allanamiento simult\u00e1neas en domicilios vinculados a la log\u00edstica de la banda.<\/p>\n\n\n\n<p>Durante el despliegue de las brigadas de civil en las fincas investigadas, las autoridades lograron efectivizar la detenci\u00f3n del imputado M.E.C., quien qued\u00f3 inmediatamente alojado en los calabozos de la jurisdicci\u00f3n bajo los cargos de &#8220;Robo agravado de mercader\u00eda en tr\u00e1nsito y privaci\u00f3n ileg\u00edtima de la libertad&#8221;. La investigaci\u00f3n contin\u00faa abierta con el prop\u00f3sito de identificar a los restantes eslabones de la banda y localizar los galpones que eran utilizados para el enfriamiento y la reventa clandestina de la mercader\u00eda robada en el Conurbano sur.<\/p>\n","protected":false},"excerpt":{"rendered":"<p>Efectivos de la Delegaci\u00f3n Departamental de Investigaciones (DDI) Avellaneda-Lan\u00fas hicieron efectivas cinco \u00f3rdenes de allanamiento que culminaron con la detenci\u00f3n de un hombre de 36 a\u00f1os acusado de liderar una banda de \u00abPiratas del asfalto\u00bb. Al imputado se lo vincula de forma directa con al menos dos asaltos a camiones de gran porte ocurridos en [&hellip;]<\/p>\n","protected":false},"author":4,"featured_media":22769,"comment_status":"open","ping_status":"open","sticky":false,"template":"","format":"standard","meta":{"footnotes":""},"categories":[1,32],"tags":[28,409],"_links":{"self":[{"href":"https:\/\/enlamira.info\/index.php\/wp-json\/wp\/v2\/posts\/22767"}],"collection":[{"href":"https:\/\/enlamira.info\/index.php\/wp-json\/wp\/v2\/posts"}],"about":[{"href":"https:\/\/enlamira.info\/index.php\/wp-json\/wp\/v2\/types\/post"}],"author":[{"embeddable":true,"href":"https:\/\/enlamira.info\/index.php\/wp-json\/wp\/v2\/users\/4"}],"replies":[{"embeddable":true,"href":"https:\/\/enlamira.info\/index.php\/wp-json\/wp\/v2\/comments?post=22767"}],"version-history":[{"count":1,"href":"https:\/\/enlamira.info\/index.php\/wp-json\/wp\/v2\/posts\/22767\/revisions"}],"predecessor-version":[{"id":22768,"href":"https:\/\/enlamira.info\/index.php\/wp-json\/wp\/v2\/posts\/22767\/revisions\/22768"}],"wp:featuredmedia":[{"embeddable":true,"href":"https:\/\/enlamira.info\/index.php\/wp-json\/wp\/v2\/media\/22769"}],"wp:attachment":[{"href":"https:\/\/enlamira.info\/index.php\/wp-json\/wp\/v2\/media?parent=22767"}],"wp:term":[{"taxonomy":"category","embeddable":true,"href":"https:\/\/enlamira.info\/index.php\/wp-json\/wp\/v2\/categories?post=22767"},{"taxonomy":"post_tag","embeddable":true,"href":"https:\/\/enlamira.info\/index.php\/wp-json\/wp\/v2\/tags?post=22767"}],"curies":[{"name":"wp","href":"https:\/\/api.w.org\/{rel}","templated":true}]}}