{"id":2273,"date":"2024-03-29T15:05:57","date_gmt":"2024-03-29T18:05:57","guid":{"rendered":"https:\/\/enlamira.info\/?p=2273"},"modified":"2024-03-29T15:10:37","modified_gmt":"2024-03-29T18:10:37","slug":"en-medio-de-sus-conflictos-diplomaticos-milei-participara-en-un-evento-del-partido-vox","status":"publish","type":"post","link":"https:\/\/enlamira.info\/index.php\/2024\/03\/29\/en-medio-de-sus-conflictos-diplomaticos-milei-participara-en-un-evento-del-partido-vox\/","title":{"rendered":"En medio de sus conflictos diplom\u00e1ticos, Milei participar\u00e1 en un evento del partido Vox"},"content":{"rendered":"\n<p>El jefe de Estado argentino confirm\u00f3 que acompa\u00f1ar\u00e1 a Santiago Abascal en el denominado Festival Viva 24.<\/p>\n\n\n\n<p>El presidente\u00a0Javier\u00a0Milei\u00a0afirm\u00f3 que viajar\u00e1 a\u00a0Espa\u00f1a\u00a0para asistir el 18 y el 19 de mayo a un evento que organiza Santiago Abascal -l\u00edder del partido Vox- en el palacio Vistalegre de Madrid.<\/p>\n\n\n\n<p>Este encuentro se producir\u00e1 unos d\u00edas antes de las elecciones para el Parlamento europeo, en las que el espacio de derecha espa\u00f1ol conf\u00eda en obtener un buen resultado electoral.<\/p>\n\n\n\n<p>La\u00a0crisis pol\u00edtica\u00a0en materia internacional del Gobierno argentino crece minuto a minuto desde que el presidente argentino calific\u00f3 a\u00a0Gustavo Petro como un \u201casesino terrorista\u201d\u00a0en una entrevista en CNN que se emitir\u00e1 este domingo. Estas declaraciones de Javier Milei llegaron hasta el Palacio de Nari\u00f1o, casa de gobierno de Colombia no le cayeron para nada bien al presidente de ese pa\u00eds.<\/p>\n\n\n\n<p>Si bien no es el primer exabrupto que comete el premier local, esta vez escal\u00f3 a lo m\u00e1s alto, tanot que llev\u00f3 a\u00a0Petro\u00a0a retirar a su embajador de Argentina y expulsar a los\u00a0diplom\u00e1ticos\u00a0de nuestra Naci\u00f3n de su territorio.<\/p>\n\n\n\n<p>El vocero presidencial,\u00a0Manuel Adorni, por su parte, intent\u00f3 restarles importancia a las declaraciones del Presidente y evitar el conflicto, sin embargo,\u00a0las agresiones continuaron. Tambi\u00e9n la ministra de Relaciones Exteriores, Diana Mondino, se encuentra realizando esfuerzos para que estas tensiones no generen una\u00a0ruptura\u00a0en las relaciones bilaterales.<\/p>\n\n\n\n<h3 class=\"wp-block-heading\">Alianzas con la derecha espa\u00f1ola<\/h3>\n\n\n\n<p>\u201cAh\u00ed volver\u00e9 a estar con Ustedes querido amigo\u2026!!! Viva la libertad carajo\u2026!!!\u201d,&nbsp;<strong>escribi\u00f3<\/strong>&nbsp;Milei en su cuenta de la red social X, luego del anuncio de una nueva edici\u00f3n del Festival Viva 24.<\/p>\n\n\n\n<p>Abascal\u00a0le respondi\u00f3 casi inmediatamente con otro gratificante mensaje. \u201cSer\u00e1 un placer y un orgullo recibirte de nuevo en el #EuropaVIVA24, querido @JMilei\u201d, escribi\u00f3.<\/p>\n\n\n\n<p>En esos d\u00edas habr\u00e1 en la capital espa\u00f1ola presencia de dirigentes europeos e iberoamericanos con los que Vox tiene coincidencias ideol\u00f3gicas. Abascal tiene una muy buena relaci\u00f3n con el presidente argentino, a tal punto que estuvo el 10 de diciembre en Buenos Aires para la asunci\u00f3n del libertario.<\/p>\n\n\n\n<p>Vox y Milei, adem\u00e1s, desde hace m\u00e1s de tres a\u00f1os trabajan juntos en la Fundaci\u00f3n Disenso, el think thank que impulsa la agrupaci\u00f3n pol\u00edtica espa\u00f1ola.<\/p>\n","protected":false},"excerpt":{"rendered":"<p>El jefe de Estado argentino confirm\u00f3 que acompa\u00f1ar\u00e1 a Santiago Abascal en el denominado Festival Viva 24. El presidente\u00a0Javier\u00a0Milei\u00a0afirm\u00f3 que viajar\u00e1 a\u00a0Espa\u00f1a\u00a0para asistir el 18 y el 19 de mayo a un evento que organiza Santiago Abascal -l\u00edder del partido Vox- en el palacio Vistalegre de Madrid. Este encuentro se producir\u00e1 unos d\u00edas antes de [&hellip;]<\/p>\n","protected":false},"author":2,"featured_media":2275,"comment_status":"open","ping_status":"open","sticky":false,"template":"","format":"standard","meta":{"footnotes":""},"categories":[20],"tags":[],"_links":{"self":[{"href":"https:\/\/enlamira.info\/index.php\/wp-json\/wp\/v2\/posts\/2273"}],"collection":[{"href":"https:\/\/enlamira.info\/index.php\/wp-json\/wp\/v2\/posts"}],"about":[{"href":"https:\/\/enlamira.info\/index.php\/wp-json\/wp\/v2\/types\/post"}],"author":[{"embeddable":true,"href":"https:\/\/enlamira.info\/index.php\/wp-json\/wp\/v2\/users\/2"}],"replies":[{"embeddable":true,"href":"https:\/\/enlamira.info\/index.php\/wp-json\/wp\/v2\/comments?post=2273"}],"version-history":[{"count":2,"href":"https:\/\/enlamira.info\/index.php\/wp-json\/wp\/v2\/posts\/2273\/revisions"}],"predecessor-version":[{"id":2276,"href":"https:\/\/enlamira.info\/index.php\/wp-json\/wp\/v2\/posts\/2273\/revisions\/2276"}],"wp:featuredmedia":[{"embeddable":true,"href":"https:\/\/enlamira.info\/index.php\/wp-json\/wp\/v2\/media\/2275"}],"wp:attachment":[{"href":"https:\/\/enlamira.info\/index.php\/wp-json\/wp\/v2\/media?parent=2273"}],"wp:term":[{"taxonomy":"category","embeddable":true,"href":"https:\/\/enlamira.info\/index.php\/wp-json\/wp\/v2\/categories?post=2273"},{"taxonomy":"post_tag","embeddable":true,"href":"https:\/\/enlamira.info\/index.php\/wp-json\/wp\/v2\/tags?post=2273"}],"curies":[{"name":"wp","href":"https:\/\/api.w.org\/{rel}","templated":true}]}}