{"id":2247,"date":"2024-03-29T14:59:03","date_gmt":"2024-03-29T17:59:03","guid":{"rendered":"https:\/\/enlamira.info\/?p=2247"},"modified":"2024-03-29T15:16:41","modified_gmt":"2024-03-29T18:16:41","slug":"gabriel-milito-fue-presentado-en-atletico-mineiro","status":"publish","type":"post","link":"https:\/\/enlamira.info\/index.php\/2024\/03\/29\/gabriel-milito-fue-presentado-en-atletico-mineiro\/","title":{"rendered":"Gabriel Milito fue presentado en Atl\u00e9tico Mineiro"},"content":{"rendered":"\n<p>El ex entrenador de Argentinos Juniors comienza una nueva etapa en el extranjero.<\/p>\n\n\n\n<p>Atl\u00e9tico Mineiro\u00a0anunci\u00f3 d\u00edas atr\u00e1s a\u00a0Gabriel Milito\u00a0como su\u00a0nuevo entrenador y este jueves fue presentado oficialmente\u00a0en Belo Horizonte.<\/p>\n\n\n\n<p>\u201cMuy contento de estar aqu\u00ed. Es un sue\u00f1o cumplido estar en un club tan grande,\u00a0con una hinchada tan potente, en la Arena MRV, que es una maravilla. Definitivamente est\u00e1 entre los mejores estadios de Am\u00e9rica. Un club grande, de mucho prestigio, ganador \u201d, dijo el t\u00e9cnico.<\/p>\n\n\n\n<p>\u201cDecid\u00ed venir porque cuando V\u00edctor lleg\u00f3 a Buenos Aires, me present\u00f3 toda la organizaci\u00f3n del club. El proyecto deportivo, la seriedad de lo que se present\u00f3, la mentalidad ganadora del club, y sent\u00ed que el Atl\u00e9tico sabe bien por qu\u00e9 me estaba buscando \u201d, complet\u00f3<\/p>\n\n\n\n<p>El conjunto brasile\u00f1o inform\u00f3 los t\u00e9rminos en su sitio web: \u201cGabriel Milito es el nuevo t\u00e9cnico del Galo. El Club y el argentino llegaron a un acuerdo, y \u00e9l\u00a0firma un contrato hasta diciembre de 2025\u2033.<\/p>\n\n\n\n<p>Una verdadera conquista de los\u00a0t\u00e9cnicos argentinos en Brasil: ya son cinco.\u00a0Milito se suma a\u00a0Ram\u00f3n D\u00edaz\u00a0(Vasco da Gama), Eduardo\u00a0Coudet\u00a0(Inter de Porto Alegre), Juan Pablo\u00a0Vojvoda\u00a0(Fortaleza) y Nicol\u00e1s\u00a0Larcam\u00f3n\u00a0(Cruzeiro).<\/p>\n\n\n\n<p>Milito no tiene tiempo que perder porque cuenta con la gran posibilidad de comenzar su ciclo con un t\u00edtulo. Atl\u00e9tico Mineiro se&nbsp;enfrenta a Cruzeiro por la final (ida y vuelta) del estadual.<\/p>\n","protected":false},"excerpt":{"rendered":"<p>El ex entrenador de Argentinos Juniors comienza una nueva etapa en el extranjero. Atl\u00e9tico Mineiro\u00a0anunci\u00f3 d\u00edas atr\u00e1s a\u00a0Gabriel Milito\u00a0como su\u00a0nuevo entrenador y este jueves fue presentado oficialmente\u00a0en Belo Horizonte. \u201cMuy contento de estar aqu\u00ed. Es un sue\u00f1o cumplido estar en un club tan grande,\u00a0con una hinchada tan potente, en la Arena MRV, que es una [&hellip;]<\/p>\n","protected":false},"author":2,"featured_media":2249,"comment_status":"open","ping_status":"open","sticky":false,"template":"","format":"standard","meta":{"footnotes":""},"categories":[14],"tags":[],"_links":{"self":[{"href":"https:\/\/enlamira.info\/index.php\/wp-json\/wp\/v2\/posts\/2247"}],"collection":[{"href":"https:\/\/enlamira.info\/index.php\/wp-json\/wp\/v2\/posts"}],"about":[{"href":"https:\/\/enlamira.info\/index.php\/wp-json\/wp\/v2\/types\/post"}],"author":[{"embeddable":true,"href":"https:\/\/enlamira.info\/index.php\/wp-json\/wp\/v2\/users\/2"}],"replies":[{"embeddable":true,"href":"https:\/\/enlamira.info\/index.php\/wp-json\/wp\/v2\/comments?post=2247"}],"version-history":[{"count":2,"href":"https:\/\/enlamira.info\/index.php\/wp-json\/wp\/v2\/posts\/2247\/revisions"}],"predecessor-version":[{"id":2250,"href":"https:\/\/enlamira.info\/index.php\/wp-json\/wp\/v2\/posts\/2247\/revisions\/2250"}],"wp:featuredmedia":[{"embeddable":true,"href":"https:\/\/enlamira.info\/index.php\/wp-json\/wp\/v2\/media\/2249"}],"wp:attachment":[{"href":"https:\/\/enlamira.info\/index.php\/wp-json\/wp\/v2\/media?parent=2247"}],"wp:term":[{"taxonomy":"category","embeddable":true,"href":"https:\/\/enlamira.info\/index.php\/wp-json\/wp\/v2\/categories?post=2247"},{"taxonomy":"post_tag","embeddable":true,"href":"https:\/\/enlamira.info\/index.php\/wp-json\/wp\/v2\/tags?post=2247"}],"curies":[{"name":"wp","href":"https:\/\/api.w.org\/{rel}","templated":true}]}}