{"id":2242,"date":"2024-03-29T14:58:02","date_gmt":"2024-03-29T17:58:02","guid":{"rendered":"https:\/\/enlamira.info\/?p=2242"},"modified":"2024-03-29T15:17:39","modified_gmt":"2024-03-29T18:17:39","slug":"el-peque-schwartzman-puso-en-duda-su-presencia-en-roland-garros-si-la-voy-a-pasar-mal-para-que-voy-a-ir","status":"publish","type":"post","link":"https:\/\/enlamira.info\/index.php\/2024\/03\/29\/el-peque-schwartzman-puso-en-duda-su-presencia-en-roland-garros-si-la-voy-a-pasar-mal-para-que-voy-a-ir\/","title":{"rendered":"El Peque Schwartzman puso en duda su presencia en Roland Garros: \u201cSi la voy a pasar mal, \u00bfpara qu\u00e9 voy a ir?\u201d"},"content":{"rendered":"\n<p>El Peque, actual n\u00famero 122 del ranking, confes\u00f3 que le cost\u00f3 ir a jugar la qualy de Australia.<\/p>\n\n\n\n<p>Diego Schwartzman\u00a0sorprendi\u00f3 con sus \u00faltimas declaraciones en una entrevista:\u00a0<em>el Peque<\/em>\u00a0no confirm\u00f3 su presencia en Roland Garros,\u00a0pr\u00f3ximo Grand Spam del calendario, ya que no tiene un lugar asegurado en el cuadro principal.<\/p>\n\n\n\n<p>El tenista argentino particip\u00f3 de\u00a0<em>Generaci\u00f3n F<\/em>\u00a0y desmenuz\u00f3 lo que fue el arranque de la temporada:\u00a0\u201cMe cost\u00f3 ir a jugar la qualy de Australia. Verme ah\u00ed despu\u00e9s de muchos a\u00f1os me fundi\u00f3 un poco.\u00a0Tuve una semana de entrenamiento y competencia mal\u00edsima\u201d.<\/p>\n\n\n\n<p>\u201cArrancar el a\u00f1o as\u00ed fue duro\u201d, asever\u00f3 en&nbsp;<em>ESPN.<\/em><\/p>\n\n\n\n<p>Por lo que vivi\u00f3 en el Australian Open puso en duda su participaci\u00f3n en el pr\u00f3ximo Major del calendario en Par\u00eds:\u00a0\u201cNo s\u00e9\u00a0si voy a ir a Roland Garros. Con la experiencia de Australia, si la voy a pasar mal, \u00bfpara qu\u00e9 voy a ir?. Prefiero armar el calendario para intentar entrar a Wimbledon.\u00a0Si no, jugar\u00eda qualy en Wimbledon y Roland Garros\u201d.<\/p>\n\n\n\n<figure class=\"wp-block-embed is-type-rich is-provider-twitter wp-block-embed-twitter\"><div class=\"wp-block-embed__wrapper\">\n<blockquote class=\"twitter-tweet\" data-width=\"550\" data-dnt=\"true\"><p lang=\"es\" dir=\"ltr\">Los audios que Diego Maradona le mandaba al Peque Schwartzman. \ud83e\udd79\ud83d\ude4c\ud83c\udffb<br><br>\ud83c\udf99\ufe0f Hoy en <a href=\"https:\/\/twitter.com\/hashtag\/GeneracionF?src=hash&amp;ref_src=twsrc%5Etfw\">#GeneracionF<\/a> por <a href=\"https:\/\/twitter.com\/ESPNArgentina?ref_src=twsrc%5Etfw\">@ESPNArgentina<\/a> <a href=\"https:\/\/t.co\/UPsOyfzLRH\">pic.twitter.com\/UPsOyfzLRH<\/a><\/p>&mdash; Agust\u00edn Commisso (@AgusCommisso) <a href=\"https:\/\/twitter.com\/AgusCommisso\/status\/1773106440233779548?ref_src=twsrc%5Etfw\">March 27, 2024<\/a><\/blockquote><script async src=\"https:\/\/platform.twitter.com\/widgets.js\" charset=\"utf-8\"><\/script>\n<\/div><\/figure>\n\n\n\n<p>Schwartzman cay\u00f3 al n\u00famero 122 del ranking ATP, posici\u00f3n en la que se le dificulta entrar a varios de los torneos m\u00e1s importantes alrededor del mundo.&nbsp;\u201cEspero alguna invitaci\u00f3n o jugar los torneos que m\u00e1s me gustan\u201d, dijo.<\/p>\n\n\n\n<p>Respecto a su profesi\u00f3n y su rendimiento actual: \u201cMe gusta lo que hago, pero para m\u00ed es un trabajo y me gusta hacerlo bien. Si llevo mucho tiempo haci\u00e9ndolo mal, prefiero divertirme de otra manera\u201d.<\/p>\n","protected":false},"excerpt":{"rendered":"<p>El Peque, actual n\u00famero 122 del ranking, confes\u00f3 que le cost\u00f3 ir a jugar la qualy de Australia. Diego Schwartzman\u00a0sorprendi\u00f3 con sus \u00faltimas declaraciones en una entrevista:\u00a0el Peque\u00a0no confirm\u00f3 su presencia en Roland Garros,\u00a0pr\u00f3ximo Grand Spam del calendario, ya que no tiene un lugar asegurado en el cuadro principal. El tenista argentino particip\u00f3 de\u00a0Generaci\u00f3n F\u00a0y [&hellip;]<\/p>\n","protected":false},"author":2,"featured_media":2244,"comment_status":"open","ping_status":"open","sticky":false,"template":"","format":"standard","meta":{"footnotes":""},"categories":[14],"tags":[],"_links":{"self":[{"href":"https:\/\/enlamira.info\/index.php\/wp-json\/wp\/v2\/posts\/2242"}],"collection":[{"href":"https:\/\/enlamira.info\/index.php\/wp-json\/wp\/v2\/posts"}],"about":[{"href":"https:\/\/enlamira.info\/index.php\/wp-json\/wp\/v2\/types\/post"}],"author":[{"embeddable":true,"href":"https:\/\/enlamira.info\/index.php\/wp-json\/wp\/v2\/users\/2"}],"replies":[{"embeddable":true,"href":"https:\/\/enlamira.info\/index.php\/wp-json\/wp\/v2\/comments?post=2242"}],"version-history":[{"count":2,"href":"https:\/\/enlamira.info\/index.php\/wp-json\/wp\/v2\/posts\/2242\/revisions"}],"predecessor-version":[{"id":2246,"href":"https:\/\/enlamira.info\/index.php\/wp-json\/wp\/v2\/posts\/2242\/revisions\/2246"}],"wp:featuredmedia":[{"embeddable":true,"href":"https:\/\/enlamira.info\/index.php\/wp-json\/wp\/v2\/media\/2244"}],"wp:attachment":[{"href":"https:\/\/enlamira.info\/index.php\/wp-json\/wp\/v2\/media?parent=2242"}],"wp:term":[{"taxonomy":"category","embeddable":true,"href":"https:\/\/enlamira.info\/index.php\/wp-json\/wp\/v2\/categories?post=2242"},{"taxonomy":"post_tag","embeddable":true,"href":"https:\/\/enlamira.info\/index.php\/wp-json\/wp\/v2\/tags?post=2242"}],"curies":[{"name":"wp","href":"https:\/\/api.w.org\/{rel}","templated":true}]}}