{"id":2239,"date":"2024-03-29T14:57:06","date_gmt":"2024-03-29T17:57:06","guid":{"rendered":"https:\/\/enlamira.info\/?p=2239"},"modified":"2024-03-29T14:57:20","modified_gmt":"2024-03-29T17:57:20","slug":"la-espina-en-el-zapato-de-diego-martinez-el-armado-de-la-dupla-de-centrales","status":"publish","type":"post","link":"https:\/\/enlamira.info\/index.php\/2024\/03\/29\/la-espina-en-el-zapato-de-diego-martinez-el-armado-de-la-dupla-de-centrales\/","title":{"rendered":"La espina en el zapato de Diego Martinez: el armado de la dupla de centrales."},"content":{"rendered":"\n<p>Lesiones, suspensiones y citados a selecciones: para el DT xeneize siempre fue dif\u00edcil consolidar la dupla de defensores centrales en Boca<\/p>\n\n\n\n<p>Tarea m\u00e1s que complicada para\u00a0Diego Mart\u00ednez, porque el debut de Boca en la\u00a0Copa Sudamericana est\u00e1 a la vuelta de la esquina (pr\u00f3ximo mi\u00e9rcoles ante\u00a0Nacional de Potos\u00ed\u00a0en Bolivia) y ma\u00f1ana enfrenta a\u00a0San Lorenzo\u00a0en lo que ser\u00e1 un duelo clave en las aspiraciones del xeneize de pasar a la siguiente fase del certamen. Por eso resulta clave la decisi\u00f3n del cuerpo t\u00e9cnico de regular los minutos de cada uno de los jugadores para poder competir en el torneo local y continental.<\/p>\n\n\n\n<p>Mart\u00ednez empieza a definir cu\u00e1l ser\u00e1 la saga de defensores centrales que jugar\u00e1 ante el Cicl\u00f3n y la que viajar\u00e1 al pa\u00eds vecino. El armado de la defensa result\u00f3 ser siempre la espina en el zapato para el DT: Las lesiones de\u00a0Marcos Rojo\u00a0y\u00a0Nicolas Figal\u00a0(Titulares en principio) le dieron lugar a\u00a0Nicolas Valentini, que al ser citado por\u00a0Lionel Scaloni\u00a0tuvo que volver a rearmar la saga con otro chico surgido de la cantera:\u00a0Aaron Anselmino.<\/p>\n\n\n\n<p>Ambos juveniles pisaron fuerte en la primera de Boca y no cabe duda que est\u00e1n asentados y ser\u00e1n tenidos en cuenta de ac\u00e1 al futuro de la instituci\u00f3n, y es m\u00e1s, varios rumores vinculan a Valentini con la\u00a0Lazio de Italia\u00a0y el\u00a0Olympiacos de Grecia. Por su parte, Anselmino no se queda atr\u00e1s y es seguido de cerca por el\u00a0Manchester United y el Milan<\/p>\n\n\n\n<h2 class=\"wp-block-heading\"><strong>Entonces: \u00bfCon que dupla de centrales jugara Boca?<\/strong><\/h2>\n\n\n\n<p>Con el regreso de Marcos Rojo y la vuelta de Valentini de la Selecci\u00f3n, Diego Mart\u00ednez ya puso primera en el armado de los equipos para los pr\u00f3ximos compromisos de Boca.\u00a0La dupla Lema-Rojo se perfila para ser titular en el cl\u00e1sico ante San Lorenzo y, la dupla de pibes Valentini-Anselmino, se quedar\u00eda con la zaga ante Nacional de Potos\u00ed por Copa Sudamericana.<\/p>\n\n\n\n<h2 class=\"wp-block-heading\"><strong>\u00bfPor qu\u00e9 los pibes juegan contra Potosi?<\/strong><\/h2>\n\n\n\n<p>Aaron Anselmino, de corto pero s\u00f3lido trayecto en la 1ra divisi\u00f3n, jug\u00f3 solamente\u00a07 partidos, de los cuales\u00a0en 5 comparti\u00f3 saga central con Nico Valentini, y hasta ahora mal no les ha ido:\u00a03 victorias, 1 empate y 1 sola derrota, siendo el \u00faltimo antecedente de esta dupla en el triunfo ante Racing por 4-3. La dupla Valentini-Anselmino tendr\u00e1 m\u00e1s rodaje y, ante Nacional de Potos\u00ed, buscar\u00e1 demostrar por qu\u00e9 los siguen desde Europa.<\/p>\n","protected":false},"excerpt":{"rendered":"<p>Lesiones, suspensiones y citados a selecciones: para el DT xeneize siempre fue dif\u00edcil consolidar la dupla de defensores centrales en Boca Tarea m\u00e1s que complicada para\u00a0Diego Mart\u00ednez, porque el debut de Boca en la\u00a0Copa Sudamericana est\u00e1 a la vuelta de la esquina (pr\u00f3ximo mi\u00e9rcoles ante\u00a0Nacional de Potos\u00ed\u00a0en Bolivia) y ma\u00f1ana enfrenta a\u00a0San Lorenzo\u00a0en lo que [&hellip;]<\/p>\n","protected":false},"author":2,"featured_media":2241,"comment_status":"open","ping_status":"open","sticky":false,"template":"","format":"standard","meta":{"footnotes":""},"categories":[14],"tags":[],"_links":{"self":[{"href":"https:\/\/enlamira.info\/index.php\/wp-json\/wp\/v2\/posts\/2239"}],"collection":[{"href":"https:\/\/enlamira.info\/index.php\/wp-json\/wp\/v2\/posts"}],"about":[{"href":"https:\/\/enlamira.info\/index.php\/wp-json\/wp\/v2\/types\/post"}],"author":[{"embeddable":true,"href":"https:\/\/enlamira.info\/index.php\/wp-json\/wp\/v2\/users\/2"}],"replies":[{"embeddable":true,"href":"https:\/\/enlamira.info\/index.php\/wp-json\/wp\/v2\/comments?post=2239"}],"version-history":[{"count":1,"href":"https:\/\/enlamira.info\/index.php\/wp-json\/wp\/v2\/posts\/2239\/revisions"}],"predecessor-version":[{"id":2240,"href":"https:\/\/enlamira.info\/index.php\/wp-json\/wp\/v2\/posts\/2239\/revisions\/2240"}],"wp:featuredmedia":[{"embeddable":true,"href":"https:\/\/enlamira.info\/index.php\/wp-json\/wp\/v2\/media\/2241"}],"wp:attachment":[{"href":"https:\/\/enlamira.info\/index.php\/wp-json\/wp\/v2\/media?parent=2239"}],"wp:term":[{"taxonomy":"category","embeddable":true,"href":"https:\/\/enlamira.info\/index.php\/wp-json\/wp\/v2\/categories?post=2239"},{"taxonomy":"post_tag","embeddable":true,"href":"https:\/\/enlamira.info\/index.php\/wp-json\/wp\/v2\/tags?post=2239"}],"curies":[{"name":"wp","href":"https:\/\/api.w.org\/{rel}","templated":true}]}}