{"id":2226,"date":"2024-03-29T14:52:26","date_gmt":"2024-03-29T17:52:26","guid":{"rendered":"https:\/\/enlamira.info\/?p=2226"},"modified":"2024-03-29T15:21:33","modified_gmt":"2024-03-29T18:21:33","slug":"quien-es-el-loco-gorostidi-el-papa-de-catalina-de-gran-hermano-que-la-sorprendio-en-vivo","status":"publish","type":"post","link":"https:\/\/enlamira.info\/index.php\/2024\/03\/29\/quien-es-el-loco-gorostidi-el-papa-de-catalina-de-gran-hermano-que-la-sorprendio-en-vivo\/","title":{"rendered":"Qui\u00e9n es el Loco Gorostidi, el pap\u00e1 de Catalina de Gran Hermano, que la sorprendi\u00f3 en vivo"},"content":{"rendered":"\n<p><a href=\"https:\/\/www.losandes.com.ar\/autor\/rvinas\/\"><\/a><a href=\"https:\/\/www.losandes.com.ar\/autor\/rvinas\/\"><\/a><\/p>\n\n\n\n<p>El reencuentro entre\u00a0Catalina Gorostidi y su padre, el exfutbolista El Loco Gorostidi,\u00a0en\u00a0Gran Hermano 2024,\u00a0no solo fue un momento emotivo, sino tambi\u00e9n revelador.<\/p>\n\n\n\n<p>Tras d\u00edas turbulentos marcados por una\u00a0pelea intensa con Alfa\u00a0y su posterior salida del programa,\u00a0Catalina\u00a0recibi\u00f3 la visita de\u00a0su padre en el SUM,\u00a0donde compartieron una cena cargada de emotividad y confesiones.<\/p>\n\n\n\n<p>Nacido el 11 de febrero de 1973 (tiene 50 a\u00f1os),\u00a0el zurdo inici\u00f3 su carrera en Sportivo italiano y posteriormente form\u00f3 parte de Gimnasia de Jujuy\u00a0en un momento crucial en la vuelta del club a Primera Divisi\u00f3n.<\/p>\n\n\n\n<p>Sin embargo, su momento m\u00e1s recordado fue en\u00a0Col\u00f3n de Santa Fe, donde anot\u00f3 el primer gol del equipo en un torneo internacional durante la Copa Conmebol de 1997.<\/p>\n\n\n\n<p>En una entrevista,\u00a0Gorostidi\u00a0record\u00f3 con emoci\u00f3n aquel gol que qued\u00f3 grabado en la memoria de los hinchas sabaleros. Despu\u00e9s de su paso por Col\u00f3n, su carrera trascendi\u00f3 fronteras, jugando en clubes de Per\u00fa, Ecuador e Italia.<\/p>\n\n\n\n<p>Tras su retiro,\u00a0el padre de Catalina de GH decidi\u00f3 iniciar su camino como entrenador, dirigiendo equipos en torneos Federales\u00a0y recientemente habiendo dejado el cargo de entrenador de Juventud Antoniana de Salta.<\/p>\n\n\n\n<h2 class=\"wp-block-heading\">CATALINA FUE SORPRENDIDA POR SU PADRE EN GRAN HERMANO<\/h2>\n\n\n\n<p>El padre de Catalina, Adri\u00e1n Gorostidi,\u00a0conocido como\u00a0El Loco\u00a0Gorostidi, fue el primero en expresar su\u00a0preocupaci\u00f3n\u00a0por la situaci\u00f3n de su hija en el programa.<\/p>\n\n\n\n<p>\u201c\u00bfQu\u00e9 hac\u00e9s ac\u00e1?\u201d, fueron las primeras palabras de\u00a0Catalina al ver a su padre,\u00a0seguidas de un sincero \u201cestoy m\u00e1s o menos\u201d\u00a0cuando \u00e9l le pregunt\u00f3 c\u00f3mo se encontraba.<\/p>\n\n\n\n<p>Durante la cena, entre un\u00a0asado con papas fritas y ensalada, padre e hija compartieron sus pensamientos y sentimientos.<\/p>\n\n\n\n<p>\u201cTengo miedo de que se te compliquen las cosas. Ten\u00e9 cuidado\u201d,\u00a0expres\u00f3 El Loco Gorostidi, mostrando su preocupaci\u00f3n por la situaci\u00f3n de Catalina en el programa.<\/p>\n\n\n\n<p>A lo que ella respondi\u00f3: \u201cEstoy cansada. Fueron unos d\u00edas de mierda. Yo dec\u00eda \u2018mi pap\u00e1 me debe estar mirando\u2019\u201d.<\/p>\n\n\n\n<p>El exfutbolista compar\u00f3 la convivencia en\u00a0la casa de\u00a0Gran Hermano con una concentraci\u00f3n de f\u00fatbol, recordando su experiencia en el deporte.<\/p>\n\n\n\n<p>\u201cLa convivencia, yo que jugaba al f\u00fatbol,&nbsp;<strong>me hace acordar a una concentraci\u00f3n\u201d,&nbsp;<\/strong>se\u00f1al\u00f3, buscando encontrar similitudes entre ambos entornos.<\/p>\n\n\n\n<h2 class=\"wp-block-heading\">EL ENCUENTRO COMPLETO ENTRE CATALINA Y SU PAP\u00c1<\/h2>\n\n\n\n<p>El momento m\u00e1s emotivo lleg\u00f3 cuando\u00a0El Loco Gorostidi\u00a0confes\u00f3 sus sentimientos hacia su hija y su participaci\u00f3n en el programa.<\/p>\n\n\n\n<p>\u201cYo lo que quiero es que\u00a0est\u00e9s feliz.\u00a0Vos sab\u00e9s que\u00a0no me gustaba que vos entres ac\u00e1, pero una vez consumado el hecho,\u00a0yo siempre te voy a apoyar\u201d,\u00a0asegur\u00f3, revelando su oposici\u00f3n inicial a la participaci\u00f3n de Catalina en el reality show.<\/p>\n\n\n\n<p>\u201cNo s\u00e9 c\u00f3mo hac\u00e9s, pero\u00a0cada vez que te pon\u00e9s un objetivo, lo cumpl\u00eds\u201d, agreg\u00f3, elogiando la determinaci\u00f3n de su hija.<\/p>\n\n\n\n<p>En un giro inesperado de la conversaci\u00f3n,\u00a0Catalina\u00a0comparti\u00f3 sus preocupaciones sobre la\u00a0relaci\u00f3n con su amiga Furia\u00a0dentro de la casa.<\/p>\n\n\n\n<p>\u201cNo s\u00e9 qu\u00e9 est\u00e1 pasando con Furia. Yo s\u00e9 que estoy haciendo las cosas bien.\u00a0Yo s\u00e9 que fui buena\u201d, expres\u00f3 Catalina, antes de lanzar una cruda observaci\u00f3n: \u201cSe est\u00e1n empezando a caer las caretas\u201d.<\/p>\n\n\n\n<p>Para aligerar el ambiente, El Loco Gorostidi brome\u00f3 sobre la afon\u00eda persistente de su hija desde que ingres\u00f3 al programa.\u00a0\u201cSegu\u00eds teniendo la voz de Coco Basile\u201d, coment\u00f3 con humor, mientras\u00a0Catalina\u00a0se quejaba de su conflicto con Alfa, otro participante del programa.<\/p>\n\n\n\n<p>El emotivo encuentro culmin\u00f3 con un\u00a0gesto de cari\u00f1o\u00a0por parte del padre: un\u00a0regalo especial para Catalina, un alfajor santafesino\u00a0que ella decidi\u00f3 reservarse para s\u00ed misma.<\/p>\n\n\n\n<p>\u201cEste no se los voy a dar\u201d,\u00a0dijo entre risas, disfrutando de un momento de complicidad con su padre en medio de las c\u00e1maras y la presi\u00f3n del juego.<\/p>\n\n\n\n<p><a href=\"https:\/\/www.losandes.com.ar\/autor\/rvinas\/\"><\/a><a href=\"https:\/\/www.losandes.com.ar\/autor\/rvinas\/\"><\/a><\/p>\n","protected":false},"excerpt":{"rendered":"<p>El reencuentro entre\u00a0Catalina Gorostidi y su padre, el exfutbolista El Loco Gorostidi,\u00a0en\u00a0Gran Hermano 2024,\u00a0no solo fue un momento emotivo, sino tambi\u00e9n revelador. Tras d\u00edas turbulentos marcados por una\u00a0pelea intensa con Alfa\u00a0y su posterior salida del programa,\u00a0Catalina\u00a0recibi\u00f3 la visita de\u00a0su padre en el SUM,\u00a0donde compartieron una cena cargada de emotividad y confesiones. Nacido el 11 de [&hellip;]<\/p>\n","protected":false},"author":2,"featured_media":2228,"comment_status":"open","ping_status":"open","sticky":false,"template":"","format":"standard","meta":{"footnotes":""},"categories":[15],"tags":[],"_links":{"self":[{"href":"https:\/\/enlamira.info\/index.php\/wp-json\/wp\/v2\/posts\/2226"}],"collection":[{"href":"https:\/\/enlamira.info\/index.php\/wp-json\/wp\/v2\/posts"}],"about":[{"href":"https:\/\/enlamira.info\/index.php\/wp-json\/wp\/v2\/types\/post"}],"author":[{"embeddable":true,"href":"https:\/\/enlamira.info\/index.php\/wp-json\/wp\/v2\/users\/2"}],"replies":[{"embeddable":true,"href":"https:\/\/enlamira.info\/index.php\/wp-json\/wp\/v2\/comments?post=2226"}],"version-history":[{"count":2,"href":"https:\/\/enlamira.info\/index.php\/wp-json\/wp\/v2\/posts\/2226\/revisions"}],"predecessor-version":[{"id":2230,"href":"https:\/\/enlamira.info\/index.php\/wp-json\/wp\/v2\/posts\/2226\/revisions\/2230"}],"wp:featuredmedia":[{"embeddable":true,"href":"https:\/\/enlamira.info\/index.php\/wp-json\/wp\/v2\/media\/2228"}],"wp:attachment":[{"href":"https:\/\/enlamira.info\/index.php\/wp-json\/wp\/v2\/media?parent=2226"}],"wp:term":[{"taxonomy":"category","embeddable":true,"href":"https:\/\/enlamira.info\/index.php\/wp-json\/wp\/v2\/categories?post=2226"},{"taxonomy":"post_tag","embeddable":true,"href":"https:\/\/enlamira.info\/index.php\/wp-json\/wp\/v2\/tags?post=2226"}],"curies":[{"name":"wp","href":"https:\/\/api.w.org\/{rel}","templated":true}]}}