{"id":22220,"date":"2026-05-03T11:07:39","date_gmt":"2026-05-03T14:07:39","guid":{"rendered":"https:\/\/enlamira.info\/?p=22220"},"modified":"2026-05-03T11:07:39","modified_gmt":"2026-05-03T14:07:39","slug":"axel-kicillof-dejo-sin-ayuda-alimentaria-a-2-millones-de-bonaerenses","status":"publish","type":"post","link":"https:\/\/enlamira.info\/index.php\/2026\/05\/03\/axel-kicillof-dejo-sin-ayuda-alimentaria-a-2-millones-de-bonaerenses\/","title":{"rendered":"Axel Kicillof dej\u00f3 sin ayuda alimentaria a 2 millones de bonaerenses"},"content":{"rendered":"\n<p><br>A partir de mayo y por 90 d\u00edas, el Gobierno bonaerense no entregar\u00e1 una caja con alimentos a las familias con chicos en escuelas p\u00fablicas.<\/p>\n\n\n\n<p>El Gobierno de Axel Kicillof decidi\u00f3 no entregar m\u00e1s una caja con ayuda alimenticia a m\u00e1s de 2 millones de bonaerenses. Se trata del M\u00f3dulo Extraordinario para la Seguridad Alimentaria o MESA, que ten\u00eda como destinatarias a familias con chicos en la educaci\u00f3n p\u00fablica.<br>La caja de comestibles se compone de seis huevos, una botella de medio litro de aceite, medio kilo de arroz, medio de harina, un paquete de levadura, leche de litro, una lata de tomate triturado, otra de arvejas y una de lentejas.<br>La ayuda se repart\u00eda una vez por mes. Los encargados de armar los m\u00f3dulos eran miembros de los consejos escolares de los 135 municipios que integran la provincia de Buenos Aires.<br>En medio de una situaci\u00f3n econ\u00f3mica delicada, el Ejecutivo bonaerense decidi\u00f3, por 90 d\u00edas, cerrar el programa de ayuda, que cuesta entre 28 mil y 30 mil pesos mensuales.<br>El recorte del m\u00f3dulo representar\u00eda la punta del iceberg de un problema estructural respecto a un presupuesto desbordado entre otras causas, por la sobreabundancia de empleados p\u00fablicos del Estado provincial. Desde 2023, Kicillof sum\u00f3 80 mil nuevos trabajadores.<br>La vieja confiable: echarle la culpa a Milei<br>Ante este escenario, desde el Gobierno de Kicillof le endilgan la responsabilidad de los ajustes en el programa alimentario y otras cuestiones al Gobierno de Javier Milei con la carta del recorte de fondos que el Ejecutivo Nacional implementa sobre la provincia bonaerense.<br>Hay una verdad a medias en el argumento: el 40% del programa MESA lo aportaba Naci\u00f3n desde la pandemia del Covid-19, momento en el que esta iniciativa empez\u00f3. Desde la gesti\u00f3n Milei, y como parte de la pol\u00edtica de recortes del Gobierno nacional ese aporte se esfum\u00f3.<br>Sin embargo, en vez de atender el problema estructural de la importante masa de empleados p\u00fablicos en provincia, una variable que puede ser retocada, el gobernador cerr\u00f3, al menos temporariamente, el m\u00f3dulo e intenta hacer de este hecho algo funcional a su discurso anti-Milei.<br>La C\u00e1mpora, en su disputa con el gobernador bonaerense por el control del PJ bonaerense y las cajas del Estado provincial, aprovech\u00f3 la situaci\u00f3n para criticarlo por medio de la intendenta de Quilmes, Eva Mieri y el jefe municipal de Jos\u00e9 C. Paz, Mario Ishii.<\/p>\n","protected":false},"excerpt":{"rendered":"<p>A partir de mayo y por 90 d\u00edas, el Gobierno bonaerense no entregar\u00e1 una caja con alimentos a las familias con chicos en escuelas p\u00fablicas. El Gobierno de Axel Kicillof decidi\u00f3 no entregar m\u00e1s una caja con ayuda alimenticia a m\u00e1s de 2 millones de bonaerenses. Se trata del M\u00f3dulo Extraordinario para la Seguridad Alimentaria [&hellip;]<\/p>\n","protected":false},"author":1,"featured_media":22227,"comment_status":"open","ping_status":"open","sticky":false,"template":"","format":"standard","meta":{"footnotes":""},"categories":[20,5],"tags":[],"_links":{"self":[{"href":"https:\/\/enlamira.info\/index.php\/wp-json\/wp\/v2\/posts\/22220"}],"collection":[{"href":"https:\/\/enlamira.info\/index.php\/wp-json\/wp\/v2\/posts"}],"about":[{"href":"https:\/\/enlamira.info\/index.php\/wp-json\/wp\/v2\/types\/post"}],"author":[{"embeddable":true,"href":"https:\/\/enlamira.info\/index.php\/wp-json\/wp\/v2\/users\/1"}],"replies":[{"embeddable":true,"href":"https:\/\/enlamira.info\/index.php\/wp-json\/wp\/v2\/comments?post=22220"}],"version-history":[{"count":1,"href":"https:\/\/enlamira.info\/index.php\/wp-json\/wp\/v2\/posts\/22220\/revisions"}],"predecessor-version":[{"id":22228,"href":"https:\/\/enlamira.info\/index.php\/wp-json\/wp\/v2\/posts\/22220\/revisions\/22228"}],"wp:featuredmedia":[{"embeddable":true,"href":"https:\/\/enlamira.info\/index.php\/wp-json\/wp\/v2\/media\/22227"}],"wp:attachment":[{"href":"https:\/\/enlamira.info\/index.php\/wp-json\/wp\/v2\/media?parent=22220"}],"wp:term":[{"taxonomy":"category","embeddable":true,"href":"https:\/\/enlamira.info\/index.php\/wp-json\/wp\/v2\/categories?post=22220"},{"taxonomy":"post_tag","embeddable":true,"href":"https:\/\/enlamira.info\/index.php\/wp-json\/wp\/v2\/tags?post=22220"}],"curies":[{"name":"wp","href":"https:\/\/api.w.org\/{rel}","templated":true}]}}